{"id":151,"date":"2021-03-05T13:00:05","date_gmt":"2021-03-05T13:00:05","guid":{"rendered":"https:\/\/wekhconference.ca\/?p=151"},"modified":"2021-03-30T17:21:01","modified_gmt":"2021-03-30T17:21:01","slug":"see-it-be-it-crushing-entrepreneurial-stereotypes","status":"publish","type":"post","link":"https:\/\/wekhconference.ca\/fr\/see-it-be-it-crushing-entrepreneurial-stereotypes\/","title":{"rendered":"S\u2019inspirer. Se r\u00e9aliser. \u2013 Briser les st\u00e9r\u00e9otypes sur l\u2019entrepreneuriat"},"content":{"rendered":"<div class=\"wpb-content-wrapper\"><div data-parent=\"true\" class=\"vc_row row-container\" id=\"row-unique-0\"><div class=\"row triple-top-padding quad-bottom-padding single-h-padding limit-width row-parent\"><div class=\"wpb_row row-inner\"><div class=\"wpb_column pos-top pos-center align_left column_parent col-lg-8 single-internal-gutter\"><div class=\"uncol style-light\"  ><div class=\"uncoltable\"><div class=\"uncell no-block-padding\" ><div class=\"uncont\" ><div class=\"uncode-single-media  text-left\"><div class=\"single-wrapper\" style=\"max-width: 100%;\"><div class=\"tmb tmb-light  tmb-media-first tmb-media-last tmb-content-overlay tmb-no-bg\"><div class=\"t-inside\"><div class=\"t-entry-visual\"><div class=\"t-entry-visual-tc\"><div class=\"uncode-single-media-wrapper\"><div class=\"h3 youtube-video fluid-object\" style=\"padding-top: 56.31%\"><iframe title=\"S\u2019inspirer. Se r\u00e9aliser. \u2013 Briser les st\u00e9r\u00e9otypes sur l\u2019entrepreneuriat\" width=\"840\" height=\"473\" src=\"https:\/\/www.youtube.com\/embed\/zlBUljBb2iU?feature=oembed\" frameborder=\"0\" allow=\"accelerometer; autoplay; clipboard-write; encrypted-media; gyroscope; picture-in-picture; web-share\" referrerpolicy=\"strict-origin-when-cross-origin\" allowfullscreen><\/iframe><\/div><\/div>\n\t\t\t\t\t<\/div>\n\t\t\t\t<\/div><\/div><\/div><\/div><\/div><div class=\"uncode_text_column\" ><p>Les st\u00e9r\u00e9otypes sur l\u2019entrepreneuriat influent sur la conception des programmes de financement, des projets d\u2019incubateurs et des activit\u00e9s de formation, sur les d\u00e9cisions financi\u00e8res et, surtout, sur les aspirations et la confiance des femmes. Pendant cette s\u00e9ance, nous discuterons des pr\u00e9jug\u00e9s sexistes et culturels concernant l\u2019entrepreneuriat et des difficult\u00e9s qui en d\u00e9coulent pour les femmes, et nous pr\u00e9senterons la nouvelle base de donn\u00e9es S\u2019inspirer. Se r\u00e9aliser. du PCFE, dans laquelle figurent d\u00e9j\u00e0 plus de 1 000 femmes entrepreneures prim\u00e9es au Canada.<\/p>\n<h3>Intervenantes<\/h3>\n<ul>\n<li>Humaira Ahmed, CEO, Locelle<\/li>\n<li>Suzanne Gagnon, Canada Life Chair in Leadership Education and Associate Professor in Leadership and Organization, University of Manitoba<\/li>\n<li>Tanis Jorge, Co-Founder, Trujillo<\/li>\n<li>Anne Martel, Co-Founder, Element AI<\/li>\n<li>Emma Todd, Managing Director, MMH Group<\/li>\n<\/ul>\n<p>\n<\/div><\/div><\/div><\/div><\/div><\/div><div class=\"wpb_column pos-top pos-center align_left column_parent col-lg-4 single-internal-gutter\"><div class=\"uncol style-light\"  ><div class=\"uncoltable\"><div class=\"uncell no-block-padding\" ><div class=\"uncont\" ><div class=\"uncode-single-media  text-left\"><div class=\"single-wrapper\" style=\"max-width: 100%;\"><div class=\"tmb tmb-light  tmb-media-first tmb-media-last tmb-content-overlay tmb-no-bg\"><div class=\"t-inside\"><div class=\"t-entry-visual\"><div class=\"t-entry-visual-tc\"><div class=\"uncode-single-media-wrapper\"><img decoding=\"async\" class=\"wp-image-499\" src=\"https:\/\/wekhconference.ca\/wp-content\/uploads\/2021\/03\/March-5-2.png\" width=\"1021\" height=\"567\" alt=\"\" srcset=\"https:\/\/wekhconference.ca\/wp-content\/uploads\/2021\/03\/March-5-2.png 1021w, https:\/\/wekhconference.ca\/wp-content\/uploads\/2021\/03\/March-5-2-300x167.png 300w, https:\/\/wekhconference.ca\/wp-content\/uploads\/2021\/03\/March-5-2-768x426.png 768w, https:\/\/wekhconference.ca\/wp-content\/uploads\/2021\/03\/March-5-2-16x9.png 16w\" sizes=\"(max-width: 1021px) 100vw, 1021px\" \/><\/div>\n\t\t\t\t\t<\/div>\n\t\t\t\t<\/div><\/div><\/div><\/div><\/div><div class=\"uncode_text_column\" ><\/p>\n<h3>Date<\/h3>\n<p>5 mars 2021<\/p>\n<h3>Heure<\/h3>\n<p>13 H 00-15 H 00<\/p>\n<h3>Langues<\/h3>\n<p>Anglais<\/p>\n<\/div><\/div><\/div><\/div><\/div><\/div><script id=\"script-row-unique-0\" data-row=\"script-row-unique-0\" type=\"text\/javascript\" class=\"vc_controls\">UNCODE.initRow(document.getElementById(\"row-unique-0\"));<\/script><\/div><\/div><\/div>\n<\/div>","protected":false},"excerpt":{"rendered":"<p>Entrepreneurial stereotypes shape the design of funding programs, incubators and training, and influence financing decisions. Perhaps more importantly, they shape the aspirations and confidence of women.<\/p>","protected":false},"author":1,"featured_media":327,"comment_status":"open","ping_status":"open","sticky":false,"template":"","format":"standard","meta":{"footnotes":""},"categories":[5],"tags":[],"class_list":["post-151","post","type-post","status-publish","format-standard","has-post-thumbnail","hentry","category-past-events"],"yoast_head":"<!-- This site is optimized with the Yoast SEO plugin v27.5 - https:\/\/yoast.com\/product\/yoast-seo-wordpress\/ -->\n<title>See It, Be It: Crushing Entrepreneurial Stereotypes - Women Entrepreneurship Conference 2021<\/title>\n<meta name=\"robots\" content=\"index, follow, max-snippet:-1, max-image-preview:large, max-video-preview:-1\" \/>\n<link rel=\"canonical\" href=\"https:\/\/wekhconference.ca\/fr\/see-it-be-it-crushing-entrepreneurial-stereotypes\/\" \/>\n<meta property=\"og:locale\" content=\"fr_CA\" \/>\n<meta property=\"og:type\" content=\"article\" \/>\n<meta property=\"og:title\" content=\"See It, Be It: Crushing Entrepreneurial Stereotypes - Women Entrepreneurship Conference 2021\" \/>\n<meta property=\"og:description\" content=\"Entrepreneurial stereotypes shape the design of funding programs, incubators and training, and influence financing decisions. Perhaps more importantly, they shape the aspirations and confidence of women.\" \/>\n<meta property=\"og:url\" content=\"https:\/\/wekhconference.ca\/fr\/see-it-be-it-crushing-entrepreneurial-stereotypes\/\" \/>\n<meta property=\"og:site_name\" content=\"Women Entrepreneurship Conference 2021\" \/>\n<meta property=\"article:published_time\" content=\"2021-03-05T13:00:05+00:00\" \/>\n<meta property=\"article:modified_time\" content=\"2021-03-30T17:21:01+00:00\" \/>\n<meta property=\"og:image\" content=\"https:\/\/secureservercdn.net\/166.62.112.107\/ugi.de6.myftpupload.com\/wp-content\/uploads\/2021\/03\/March-5-1.png?time=1663981496\" \/>\n\t<meta property=\"og:image:width\" content=\"1021\" \/>\n\t<meta property=\"og:image:height\" content=\"567\" \/>\n\t<meta property=\"og:image:type\" content=\"image\/png\" \/>\n<meta name=\"author\" content=\"diadm1n\" \/>\n<meta name=\"twitter:card\" content=\"summary_large_image\" \/>\n<meta name=\"twitter:label1\" content=\"\u00c9crit par\" \/>\n\t<meta name=\"twitter:data1\" content=\"diadm1n\" \/>\n\t<meta name=\"twitter:label2\" content=\"Estimation du temps de lecture\" \/>\n\t<meta name=\"twitter:data2\" content=\"1 minute\" \/>\n<script type=\"application\/ld+json\" class=\"yoast-schema-graph\">{\"@context\":\"https:\\\/\\\/schema.org\",\"@graph\":[{\"@type\":\"Article\",\"@id\":\"https:\\\/\\\/wekhconference.ca\\\/fr\\\/see-it-be-it-crushing-entrepreneurial-stereotypes\\\/#article\",\"isPartOf\":{\"@id\":\"https:\\\/\\\/wekhconference.ca\\\/fr\\\/see-it-be-it-crushing-entrepreneurial-stereotypes\\\/\"},\"author\":{\"name\":\"diadm1n\",\"@id\":\"https:\\\/\\\/wekhconference.ca\\\/#\\\/schema\\\/person\\\/017d590f70d1603e0325603a014a2487\"},\"headline\":\"See It, Be It: Crushing Entrepreneurial Stereotypes\",\"datePublished\":\"2021-03-05T13:00:05+00:00\",\"dateModified\":\"2021-03-30T17:21:01+00:00\",\"mainEntityOfPage\":{\"@id\":\"https:\\\/\\\/wekhconference.ca\\\/fr\\\/see-it-be-it-crushing-entrepreneurial-stereotypes\\\/\"},\"wordCount\":177,\"commentCount\":0,\"image\":{\"@id\":\"https:\\\/\\\/wekhconference.ca\\\/fr\\\/see-it-be-it-crushing-entrepreneurial-stereotypes\\\/#primaryimage\"},\"thumbnailUrl\":\"https:\\\/\\\/wekhconference.ca\\\/wp-content\\\/uploads\\\/2021\\\/03\\\/March-5-1.png\",\"articleSection\":[\"Past Events\"],\"inLanguage\":\"fr-CA\",\"potentialAction\":[{\"@type\":\"CommentAction\",\"name\":\"Comment\",\"target\":[\"https:\\\/\\\/wekhconference.ca\\\/fr\\\/see-it-be-it-crushing-entrepreneurial-stereotypes\\\/#respond\"]}]},{\"@type\":\"WebPage\",\"@id\":\"https:\\\/\\\/wekhconference.ca\\\/fr\\\/see-it-be-it-crushing-entrepreneurial-stereotypes\\\/\",\"url\":\"https:\\\/\\\/wekhconference.ca\\\/fr\\\/see-it-be-it-crushing-entrepreneurial-stereotypes\\\/\",\"name\":\"See It, Be It: Crushing Entrepreneurial Stereotypes - Women Entrepreneurship Conference 2021\",\"isPartOf\":{\"@id\":\"https:\\\/\\\/wekhconference.ca\\\/#website\"},\"primaryImageOfPage\":{\"@id\":\"https:\\\/\\\/wekhconference.ca\\\/fr\\\/see-it-be-it-crushing-entrepreneurial-stereotypes\\\/#primaryimage\"},\"image\":{\"@id\":\"https:\\\/\\\/wekhconference.ca\\\/fr\\\/see-it-be-it-crushing-entrepreneurial-stereotypes\\\/#primaryimage\"},\"thumbnailUrl\":\"https:\\\/\\\/wekhconference.ca\\\/wp-content\\\/uploads\\\/2021\\\/03\\\/March-5-1.png\",\"datePublished\":\"2021-03-05T13:00:05+00:00\",\"dateModified\":\"2021-03-30T17:21:01+00:00\",\"author\":{\"@id\":\"https:\\\/\\\/wekhconference.ca\\\/#\\\/schema\\\/person\\\/017d590f70d1603e0325603a014a2487\"},\"breadcrumb\":{\"@id\":\"https:\\\/\\\/wekhconference.ca\\\/fr\\\/see-it-be-it-crushing-entrepreneurial-stereotypes\\\/#breadcrumb\"},\"inLanguage\":\"fr-CA\",\"potentialAction\":[{\"@type\":\"ReadAction\",\"target\":[\"https:\\\/\\\/wekhconference.ca\\\/fr\\\/see-it-be-it-crushing-entrepreneurial-stereotypes\\\/\"]}]},{\"@type\":\"ImageObject\",\"inLanguage\":\"fr-CA\",\"@id\":\"https:\\\/\\\/wekhconference.ca\\\/fr\\\/see-it-be-it-crushing-entrepreneurial-stereotypes\\\/#primaryimage\",\"url\":\"https:\\\/\\\/wekhconference.ca\\\/wp-content\\\/uploads\\\/2021\\\/03\\\/March-5-1.png\",\"contentUrl\":\"https:\\\/\\\/wekhconference.ca\\\/wp-content\\\/uploads\\\/2021\\\/03\\\/March-5-1.png\",\"width\":1021,\"height\":567},{\"@type\":\"BreadcrumbList\",\"@id\":\"https:\\\/\\\/wekhconference.ca\\\/fr\\\/see-it-be-it-crushing-entrepreneurial-stereotypes\\\/#breadcrumb\",\"itemListElement\":[{\"@type\":\"ListItem\",\"position\":1,\"name\":\"Home\",\"item\":\"https:\\\/\\\/wekhconference.ca\\\/\"},{\"@type\":\"ListItem\",\"position\":2,\"name\":\"See It, Be It: Crushing Entrepreneurial Stereotypes\"}]},{\"@type\":\"WebSite\",\"@id\":\"https:\\\/\\\/wekhconference.ca\\\/#website\",\"url\":\"https:\\\/\\\/wekhconference.ca\\\/\",\"name\":\"Women Entrepreneurship Conference 2021\",\"description\":\"The 2021 Women Entrepreneurship Conference, presented by the Women Entrepreneurship Knowledge Hub (WEKH) in partnership with Women\u2019s Enterprise Organizations of Canada (WEOC), will bring together leaders in the entrepreneurship ecosystem to examine how women entrepreneurs can help Canada build back better.\",\"potentialAction\":[{\"@type\":\"SearchAction\",\"target\":{\"@type\":\"EntryPoint\",\"urlTemplate\":\"https:\\\/\\\/wekhconference.ca\\\/?s={search_term_string}\"},\"query-input\":{\"@type\":\"PropertyValueSpecification\",\"valueRequired\":true,\"valueName\":\"search_term_string\"}}],\"inLanguage\":\"fr-CA\"},{\"@type\":\"Person\",\"@id\":\"https:\\\/\\\/wekhconference.ca\\\/#\\\/schema\\\/person\\\/017d590f70d1603e0325603a014a2487\",\"name\":\"diadm1n\",\"image\":{\"@type\":\"ImageObject\",\"inLanguage\":\"fr-CA\",\"@id\":\"https:\\\/\\\/secure.gravatar.com\\\/avatar\\\/d167986a1e47d9156683799ac8ffe1ffd1e4586efd6ab52d1617d1dcc844bf1b?s=96&d=mm&r=g\",\"url\":\"https:\\\/\\\/secure.gravatar.com\\\/avatar\\\/d167986a1e47d9156683799ac8ffe1ffd1e4586efd6ab52d1617d1dcc844bf1b?s=96&d=mm&r=g\",\"contentUrl\":\"https:\\\/\\\/secure.gravatar.com\\\/avatar\\\/d167986a1e47d9156683799ac8ffe1ffd1e4586efd6ab52d1617d1dcc844bf1b?s=96&d=mm&r=g\",\"caption\":\"diadm1n\"},\"sameAs\":[\"https:\\\/\\\/wekhconference.ca\"],\"url\":\"https:\\\/\\\/wekhconference.ca\\\/fr\\\/author\\\/diadm1n\\\/\"}]}<\/script>\n<!-- \/ Yoast SEO plugin. -->","yoast_head_json":{"title":"See It, Be It: Crushing Entrepreneurial Stereotypes - Women Entrepreneurship Conference 2021","robots":{"index":"index","follow":"follow","max-snippet":"max-snippet:-1","max-image-preview":"max-image-preview:large","max-video-preview":"max-video-preview:-1"},"canonical":"https:\/\/wekhconference.ca\/fr\/see-it-be-it-crushing-entrepreneurial-stereotypes\/","og_locale":"fr_CA","og_type":"article","og_title":"See It, Be It: Crushing Entrepreneurial Stereotypes - Women Entrepreneurship Conference 2021","og_description":"Entrepreneurial stereotypes shape the design of funding programs, incubators and training, and influence financing decisions. Perhaps more importantly, they shape the aspirations and confidence of women.","og_url":"https:\/\/wekhconference.ca\/fr\/see-it-be-it-crushing-entrepreneurial-stereotypes\/","og_site_name":"Women Entrepreneurship Conference 2021","article_published_time":"2021-03-05T13:00:05+00:00","article_modified_time":"2021-03-30T17:21:01+00:00","og_image":[{"width":1021,"height":567,"url":"https:\/\/secureservercdn.net\/166.62.112.107\/ugi.de6.myftpupload.com\/wp-content\/uploads\/2021\/03\/March-5-1.png?time=1663981496","type":"image\/png"}],"author":"diadm1n","twitter_card":"summary_large_image","twitter_misc":{"\u00c9crit par":"diadm1n","Estimation du temps de lecture":"1 minute"},"schema":{"@context":"https:\/\/schema.org","@graph":[{"@type":"Article","@id":"https:\/\/wekhconference.ca\/fr\/see-it-be-it-crushing-entrepreneurial-stereotypes\/#article","isPartOf":{"@id":"https:\/\/wekhconference.ca\/fr\/see-it-be-it-crushing-entrepreneurial-stereotypes\/"},"author":{"name":"diadm1n","@id":"https:\/\/wekhconference.ca\/#\/schema\/person\/017d590f70d1603e0325603a014a2487"},"headline":"See It, Be It: Crushing Entrepreneurial Stereotypes","datePublished":"2021-03-05T13:00:05+00:00","dateModified":"2021-03-30T17:21:01+00:00","mainEntityOfPage":{"@id":"https:\/\/wekhconference.ca\/fr\/see-it-be-it-crushing-entrepreneurial-stereotypes\/"},"wordCount":177,"commentCount":0,"image":{"@id":"https:\/\/wekhconference.ca\/fr\/see-it-be-it-crushing-entrepreneurial-stereotypes\/#primaryimage"},"thumbnailUrl":"https:\/\/wekhconference.ca\/wp-content\/uploads\/2021\/03\/March-5-1.png","articleSection":["Past Events"],"inLanguage":"fr-CA","potentialAction":[{"@type":"CommentAction","name":"Comment","target":["https:\/\/wekhconference.ca\/fr\/see-it-be-it-crushing-entrepreneurial-stereotypes\/#respond"]}]},{"@type":"WebPage","@id":"https:\/\/wekhconference.ca\/fr\/see-it-be-it-crushing-entrepreneurial-stereotypes\/","url":"https:\/\/wekhconference.ca\/fr\/see-it-be-it-crushing-entrepreneurial-stereotypes\/","name":"See It, Be It: Crushing Entrepreneurial Stereotypes - Women Entrepreneurship Conference 2021","isPartOf":{"@id":"https:\/\/wekhconference.ca\/#website"},"primaryImageOfPage":{"@id":"https:\/\/wekhconference.ca\/fr\/see-it-be-it-crushing-entrepreneurial-stereotypes\/#primaryimage"},"image":{"@id":"https:\/\/wekhconference.ca\/fr\/see-it-be-it-crushing-entrepreneurial-stereotypes\/#primaryimage"},"thumbnailUrl":"https:\/\/wekhconference.ca\/wp-content\/uploads\/2021\/03\/March-5-1.png","datePublished":"2021-03-05T13:00:05+00:00","dateModified":"2021-03-30T17:21:01+00:00","author":{"@id":"https:\/\/wekhconference.ca\/#\/schema\/person\/017d590f70d1603e0325603a014a2487"},"breadcrumb":{"@id":"https:\/\/wekhconference.ca\/fr\/see-it-be-it-crushing-entrepreneurial-stereotypes\/#breadcrumb"},"inLanguage":"fr-CA","potentialAction":[{"@type":"ReadAction","target":["https:\/\/wekhconference.ca\/fr\/see-it-be-it-crushing-entrepreneurial-stereotypes\/"]}]},{"@type":"ImageObject","inLanguage":"fr-CA","@id":"https:\/\/wekhconference.ca\/fr\/see-it-be-it-crushing-entrepreneurial-stereotypes\/#primaryimage","url":"https:\/\/wekhconference.ca\/wp-content\/uploads\/2021\/03\/March-5-1.png","contentUrl":"https:\/\/wekhconference.ca\/wp-content\/uploads\/2021\/03\/March-5-1.png","width":1021,"height":567},{"@type":"BreadcrumbList","@id":"https:\/\/wekhconference.ca\/fr\/see-it-be-it-crushing-entrepreneurial-stereotypes\/#breadcrumb","itemListElement":[{"@type":"ListItem","position":1,"name":"Home","item":"https:\/\/wekhconference.ca\/"},{"@type":"ListItem","position":2,"name":"See It, Be It: Crushing Entrepreneurial Stereotypes"}]},{"@type":"WebSite","@id":"https:\/\/wekhconference.ca\/#website","url":"https:\/\/wekhconference.ca\/","name":"Women Entrepreneurship Conference 2021","description":"Pendant un mois, la Conf\u00e9rence sur les femmes en entrepreneuriat 2021 propose gratuitement une s\u00e9rie d\u2019\u00e9v\u00e9nements pr\u00e9sent\u00e9s par le Portail de connaissances pour les femmes en entrepreneuriat (PCFE) en partenariat avec Women\u2019s Enterprise Organizations of Canada (WEOC).","potentialAction":[{"@type":"SearchAction","target":{"@type":"EntryPoint","urlTemplate":"https:\/\/wekhconference.ca\/?s={search_term_string}"},"query-input":{"@type":"PropertyValueSpecification","valueRequired":true,"valueName":"search_term_string"}}],"inLanguage":"fr-CA"},{"@type":"Person","@id":"https:\/\/wekhconference.ca\/#\/schema\/person\/017d590f70d1603e0325603a014a2487","name":"diadm1n","image":{"@type":"ImageObject","inLanguage":"fr-CA","@id":"https:\/\/secure.gravatar.com\/avatar\/d167986a1e47d9156683799ac8ffe1ffd1e4586efd6ab52d1617d1dcc844bf1b?s=96&d=mm&r=g","url":"https:\/\/secure.gravatar.com\/avatar\/d167986a1e47d9156683799ac8ffe1ffd1e4586efd6ab52d1617d1dcc844bf1b?s=96&d=mm&r=g","contentUrl":"https:\/\/secure.gravatar.com\/avatar\/d167986a1e47d9156683799ac8ffe1ffd1e4586efd6ab52d1617d1dcc844bf1b?s=96&d=mm&r=g","caption":"diadm1n"},"sameAs":["https:\/\/wekhconference.ca"],"url":"https:\/\/wekhconference.ca\/fr\/author\/diadm1n\/"}]}},"_links":{"self":[{"href":"https:\/\/wekhconference.ca\/fr\/wp-json\/wp\/v2\/posts\/151","targetHints":{"allow":["GET"]}}],"collection":[{"href":"https:\/\/wekhconference.ca\/fr\/wp-json\/wp\/v2\/posts"}],"about":[{"href":"https:\/\/wekhconference.ca\/fr\/wp-json\/wp\/v2\/types\/post"}],"author":[{"embeddable":true,"href":"https:\/\/wekhconference.ca\/fr\/wp-json\/wp\/v2\/users\/1"}],"replies":[{"embeddable":true,"href":"https:\/\/wekhconference.ca\/fr\/wp-json\/wp\/v2\/comments?post=151"}],"version-history":[{"count":17,"href":"https:\/\/wekhconference.ca\/fr\/wp-json\/wp\/v2\/posts\/151\/revisions"}],"predecessor-version":[{"id":688,"href":"https:\/\/wekhconference.ca\/fr\/wp-json\/wp\/v2\/posts\/151\/revisions\/688"}],"wp:featuredmedia":[{"embeddable":true,"href":"https:\/\/wekhconference.ca\/fr\/wp-json\/wp\/v2\/media\/327"}],"wp:attachment":[{"href":"https:\/\/wekhconference.ca\/fr\/wp-json\/wp\/v2\/media?parent=151"}],"wp:term":[{"taxonomy":"category","embeddable":true,"href":"https:\/\/wekhconference.ca\/fr\/wp-json\/wp\/v2\/categories?post=151"},{"taxonomy":"post_tag","embeddable":true,"href":"https:\/\/wekhconference.ca\/fr\/wp-json\/wp\/v2\/tags?post=151"}],"curies":[{"name":"wp","href":"https:\/\/api.w.org\/{rel}","templated":true}]}}