{"id":295,"date":"2021-03-25T02:28:48","date_gmt":"2021-03-25T02:28:48","guid":{"rendered":"https:\/\/wekhconference.ca\/?p=295"},"modified":"2021-04-06T17:50:19","modified_gmt":"2021-04-06T17:50:19","slug":"state-of-women-entrepreneurship-2021","status":"publish","type":"post","link":"https:\/\/wekhconference.ca\/fr\/state-of-women-entrepreneurship-2021\/","title":{"rendered":"\u00c9tat des lieux de l'entrepreneuriat f\u00e9minin 2021"},"content":{"rendered":"<div class=\"wpb-content-wrapper\"><div data-parent=\"true\" class=\"vc_row row-container\" id=\"row-unique-0\"><div class=\"row triple-top-padding quad-bottom-padding single-h-padding limit-width row-parent\"><div class=\"wpb_row row-inner\"><div class=\"wpb_column pos-top pos-center align_left column_parent col-lg-8 single-internal-gutter\"><div class=\"uncol style-light\"  ><div class=\"uncoltable\"><div class=\"uncell no-block-padding\" ><div class=\"uncont\" ><div class=\"uncode-single-media  text-left\"><div class=\"single-wrapper\" style=\"max-width: 100%;\"><div class=\"tmb tmb-light  tmb-media-first tmb-media-last tmb-content-overlay tmb-no-bg\"><div class=\"t-inside\"><div class=\"t-entry-visual\"><div class=\"t-entry-visual-tc\"><div class=\"uncode-single-media-wrapper\"><div class=\"h3 youtube-video fluid-object\" style=\"padding-top: 56.31%\"><iframe title=\"\u00c9tat des lieux de l&#039;entrepreneuriat f\u00e9minin 2021\" width=\"840\" height=\"473\" src=\"https:\/\/www.youtube.com\/embed\/RulURRPIraE?feature=oembed\" frameborder=\"0\" allow=\"accelerometer; autoplay; clipboard-write; encrypted-media; gyroscope; picture-in-picture; web-share\" referrerpolicy=\"strict-origin-when-cross-origin\" allowfullscreen><\/iframe><\/div><\/div>\n\t\t\t\t\t<\/div>\n\t\t\t\t<\/div><\/div><\/div><\/div><\/div><div class=\"uncode_text_column\" ><p>En cl\u00f4ture de notre conf\u00e9rence d\u2019un mois, nous donnerons un premier aper\u00e7u des r\u00e9sultats du rapport annuel du PCFE sur l\u2019\u00e9tat des lieux de l\u2019entrepreneuriat f\u00e9minin 2021. Ce rapport synth\u00e9tise les recherches men\u00e9es par les autorit\u00e9s publiques, les universitaires et les experts pour mettre en \u00e9vidence certains des obstacles structurels rencontr\u00e9s par les femmes entrepreneures issues de la diversit\u00e9 au Canada. Il examine \u00e9galement l\u2019impact de la pand\u00e9mie de COVID-19 sur les femmes entrepreneures.<\/p>\n<\/div><div class=\"vc_row row-internal row-container\"><div class=\"row row-child\"><div class=\"wpb_row row-inner\"><div class=\"wpb_column pos-top pos-center align_left column_child col-lg-6 single-internal-gutter\"><div class=\"uncol style-light\" ><div class=\"uncoltable\"><div class=\"uncell no-block-padding\" ><div class=\"uncont\" ><span class=\"btn-container\" ><a role=\"button\"  href=\"https:\/\/wekhconference.ca\/wp-content\/uploads\/2021\/04\/State_of_Womens_Entrepreneurship_in_Canada_Presentation_2021_EN.pdf\" class=\"custom-link btn border-width-0 btn-color-914210 btn-icon-left\" target=\"_blank\">Afficher la pr\u00e9sentation<\/a><\/span><\/div><\/div><\/div><\/div><\/div><div class=\"wpb_column pos-top pos-center align_left column_child col-lg-6 single-internal-gutter\"><div class=\"uncol style-light\" ><div class=\"uncoltable\"><div class=\"uncell no-block-padding\" ><div class=\"uncont\" ><\/div><\/div><\/div><\/div><\/div><\/div><\/div><\/div><\/div><\/div><\/div><\/div><\/div><div class=\"wpb_column pos-top pos-center align_left column_parent col-lg-4 single-internal-gutter\"><div class=\"uncol style-light\"  ><div class=\"uncoltable\"><div class=\"uncell no-block-padding\" ><div class=\"uncont\" ><div class=\"uncode-single-media  text-left\"><div class=\"single-wrapper\" style=\"max-width: 100%;\"><div class=\"tmb tmb-light  tmb-media-first tmb-media-last tmb-content-overlay tmb-no-bg\"><div class=\"t-inside\"><div class=\"t-entry-visual\"><div class=\"t-entry-visual-tc\"><div class=\"uncode-single-media-wrapper\"><img decoding=\"async\" class=\"wp-image-648\" src=\"https:\/\/wekhconference.ca\/wp-content\/uploads\/2021\/03\/WEC_State-of-Womens-Entrepreneurship-4.jpg\" width=\"1021\" height=\"567\" alt=\"\" srcset=\"https:\/\/wekhconference.ca\/wp-content\/uploads\/2021\/03\/WEC_State-of-Womens-Entrepreneurship-4.jpg 1021w, https:\/\/wekhconference.ca\/wp-content\/uploads\/2021\/03\/WEC_State-of-Womens-Entrepreneurship-4-300x167.jpg 300w, https:\/\/wekhconference.ca\/wp-content\/uploads\/2021\/03\/WEC_State-of-Womens-Entrepreneurship-4-768x426.jpg 768w, https:\/\/wekhconference.ca\/wp-content\/uploads\/2021\/03\/WEC_State-of-Womens-Entrepreneurship-4-16x9.jpg 16w\" sizes=\"(max-width: 1021px) 100vw, 1021px\" \/><\/div>\n\t\t\t\t\t<\/div>\n\t\t\t\t<\/div><\/div><\/div><\/div><\/div><div class=\"uncode_text_column\" ><\/p>\n<h3>Date<\/h3>\n<p>25 mars 2021<\/p>\n<h3>Heure<\/h3>\n<p>12 h - 13 h HAE<\/p>\n<h3>Langues<\/h3>\n<p>Anglais<\/p>\n<\/div><\/div><\/div><\/div><\/div><\/div><script id=\"script-row-unique-0\" data-row=\"script-row-unique-0\" type=\"text\/javascript\" class=\"vc_controls\">UNCODE.initRow(document.getElementById(\"row-unique-0\"));<\/script><\/div><\/div><\/div>\n<\/div>","protected":false},"excerpt":{"rendered":"<p>En cl\u00f4ture de notre conf\u00e9rence d\u2019un mois, nous donnerons un premier aper\u00e7u des r\u00e9sultats du rapport annuel du PCFE sur l\u2019\u00e9tat des lieux de l\u2019entrepreneuriat f\u00e9minin 2021. Ce rapport synth\u00e9tise les recherches men\u00e9es par les autorit\u00e9s publiques, les universitaires et les experts pour mettre en \u00e9vidence certains des obstacles structurels rencontr\u00e9s par les femmes entrepreneures issues de la diversit\u00e9 au Canada. Il examine \u00e9galement l\u2019impact de la pand\u00e9mie de COVID-19 sur les femmes entrepreneures.<\/p>","protected":false},"author":1,"featured_media":650,"comment_status":"open","ping_status":"open","sticky":false,"template":"","format":"standard","meta":{"footnotes":""},"categories":[5],"tags":[],"class_list":["post-295","post","type-post","status-publish","format-standard","has-post-thumbnail","hentry","category-past-events"],"yoast_head":"<!-- This site is optimized with the Yoast SEO plugin v27.5 - https:\/\/yoast.com\/product\/yoast-seo-wordpress\/ -->\n<title>State of Women Entrepreneurship 2021 - Women Entrepreneurship Conference 2021<\/title>\n<meta name=\"robots\" content=\"index, follow, max-snippet:-1, max-image-preview:large, max-video-preview:-1\" \/>\n<link rel=\"canonical\" href=\"https:\/\/wekhconference.ca\/fr\/state-of-women-entrepreneurship-2021\/\" \/>\n<meta property=\"og:locale\" content=\"fr_CA\" \/>\n<meta property=\"og:type\" content=\"article\" \/>\n<meta property=\"og:title\" content=\"State of Women Entrepreneurship 2021 - Women Entrepreneurship Conference 2021\" \/>\n<meta property=\"og:description\" content=\"Closing out our month-long conference, we\u2019ll share a first look at the results of WEKH\u2019s annual report, The State of Women Entrepreneurship 2021. This report synthesizes government, academic, and expert research to highlight some of the structural barriers facing diverse women entrepreneurs in Canada and examines how the COVID-19 pandemic affected women.\" \/>\n<meta property=\"og:url\" content=\"https:\/\/wekhconference.ca\/fr\/state-of-women-entrepreneurship-2021\/\" \/>\n<meta property=\"og:site_name\" content=\"Women Entrepreneurship Conference 2021\" \/>\n<meta property=\"article:published_time\" content=\"2021-03-25T02:28:48+00:00\" \/>\n<meta property=\"article:modified_time\" content=\"2021-04-06T17:50:19+00:00\" \/>\n<meta property=\"og:image\" content=\"https:\/\/secureservercdn.net\/166.62.112.107\/ugi.de6.myftpupload.com\/wp-content\/uploads\/2021\/03\/WEC_State-of-Womens-Entrepreneurship-4-1.jpg?time=1663981496\" \/>\n\t<meta property=\"og:image:width\" content=\"1021\" \/>\n\t<meta property=\"og:image:height\" content=\"567\" \/>\n\t<meta property=\"og:image:type\" content=\"image\/jpeg\" \/>\n<meta name=\"author\" content=\"diadm1n\" \/>\n<meta name=\"twitter:card\" content=\"summary_large_image\" \/>\n<meta name=\"twitter:label1\" content=\"\u00c9crit par\" \/>\n\t<meta name=\"twitter:data1\" content=\"diadm1n\" \/>\n\t<meta name=\"twitter:label2\" content=\"Estimation du temps de lecture\" \/>\n\t<meta name=\"twitter:data2\" content=\"1 minute\" \/>\n<script type=\"application\/ld+json\" class=\"yoast-schema-graph\">{\"@context\":\"https:\\\/\\\/schema.org\",\"@graph\":[{\"@type\":\"Article\",\"@id\":\"https:\\\/\\\/wekhconference.ca\\\/fr\\\/state-of-women-entrepreneurship-2021\\\/#article\",\"isPartOf\":{\"@id\":\"https:\\\/\\\/wekhconference.ca\\\/fr\\\/state-of-women-entrepreneurship-2021\\\/\"},\"author\":{\"name\":\"diadm1n\",\"@id\":\"https:\\\/\\\/wekhconference.ca\\\/#\\\/schema\\\/person\\\/017d590f70d1603e0325603a014a2487\"},\"headline\":\"State of Women Entrepreneurship 2021\",\"datePublished\":\"2021-03-25T02:28:48+00:00\",\"dateModified\":\"2021-04-06T17:50:19+00:00\",\"mainEntityOfPage\":{\"@id\":\"https:\\\/\\\/wekhconference.ca\\\/fr\\\/state-of-women-entrepreneurship-2021\\\/\"},\"wordCount\":181,\"commentCount\":0,\"image\":{\"@id\":\"https:\\\/\\\/wekhconference.ca\\\/fr\\\/state-of-women-entrepreneurship-2021\\\/#primaryimage\"},\"thumbnailUrl\":\"https:\\\/\\\/wekhconference.ca\\\/wp-content\\\/uploads\\\/2021\\\/03\\\/WEC_State-of-Womens-Entrepreneurship-4-1.jpg\",\"articleSection\":[\"Past Events\"],\"inLanguage\":\"fr-CA\",\"potentialAction\":[{\"@type\":\"CommentAction\",\"name\":\"Comment\",\"target\":[\"https:\\\/\\\/wekhconference.ca\\\/fr\\\/state-of-women-entrepreneurship-2021\\\/#respond\"]}]},{\"@type\":\"WebPage\",\"@id\":\"https:\\\/\\\/wekhconference.ca\\\/fr\\\/state-of-women-entrepreneurship-2021\\\/\",\"url\":\"https:\\\/\\\/wekhconference.ca\\\/fr\\\/state-of-women-entrepreneurship-2021\\\/\",\"name\":\"State of Women Entrepreneurship 2021 - Women Entrepreneurship Conference 2021\",\"isPartOf\":{\"@id\":\"https:\\\/\\\/wekhconference.ca\\\/#website\"},\"primaryImageOfPage\":{\"@id\":\"https:\\\/\\\/wekhconference.ca\\\/fr\\\/state-of-women-entrepreneurship-2021\\\/#primaryimage\"},\"image\":{\"@id\":\"https:\\\/\\\/wekhconference.ca\\\/fr\\\/state-of-women-entrepreneurship-2021\\\/#primaryimage\"},\"thumbnailUrl\":\"https:\\\/\\\/wekhconference.ca\\\/wp-content\\\/uploads\\\/2021\\\/03\\\/WEC_State-of-Womens-Entrepreneurship-4-1.jpg\",\"datePublished\":\"2021-03-25T02:28:48+00:00\",\"dateModified\":\"2021-04-06T17:50:19+00:00\",\"author\":{\"@id\":\"https:\\\/\\\/wekhconference.ca\\\/#\\\/schema\\\/person\\\/017d590f70d1603e0325603a014a2487\"},\"breadcrumb\":{\"@id\":\"https:\\\/\\\/wekhconference.ca\\\/fr\\\/state-of-women-entrepreneurship-2021\\\/#breadcrumb\"},\"inLanguage\":\"fr-CA\",\"potentialAction\":[{\"@type\":\"ReadAction\",\"target\":[\"https:\\\/\\\/wekhconference.ca\\\/fr\\\/state-of-women-entrepreneurship-2021\\\/\"]}]},{\"@type\":\"ImageObject\",\"inLanguage\":\"fr-CA\",\"@id\":\"https:\\\/\\\/wekhconference.ca\\\/fr\\\/state-of-women-entrepreneurship-2021\\\/#primaryimage\",\"url\":\"https:\\\/\\\/wekhconference.ca\\\/wp-content\\\/uploads\\\/2021\\\/03\\\/WEC_State-of-Womens-Entrepreneurship-4-1.jpg\",\"contentUrl\":\"https:\\\/\\\/wekhconference.ca\\\/wp-content\\\/uploads\\\/2021\\\/03\\\/WEC_State-of-Womens-Entrepreneurship-4-1.jpg\",\"width\":1021,\"height\":567},{\"@type\":\"BreadcrumbList\",\"@id\":\"https:\\\/\\\/wekhconference.ca\\\/fr\\\/state-of-women-entrepreneurship-2021\\\/#breadcrumb\",\"itemListElement\":[{\"@type\":\"ListItem\",\"position\":1,\"name\":\"Home\",\"item\":\"https:\\\/\\\/wekhconference.ca\\\/\"},{\"@type\":\"ListItem\",\"position\":2,\"name\":\"State of Women Entrepreneurship 2021\"}]},{\"@type\":\"WebSite\",\"@id\":\"https:\\\/\\\/wekhconference.ca\\\/#website\",\"url\":\"https:\\\/\\\/wekhconference.ca\\\/\",\"name\":\"Women Entrepreneurship Conference 2021\",\"description\":\"The 2021 Women Entrepreneurship Conference, presented by the Women Entrepreneurship Knowledge Hub (WEKH) in partnership with Women\u2019s Enterprise Organizations of Canada (WEOC), will bring together leaders in the entrepreneurship ecosystem to examine how women entrepreneurs can help Canada build back better.\",\"potentialAction\":[{\"@type\":\"SearchAction\",\"target\":{\"@type\":\"EntryPoint\",\"urlTemplate\":\"https:\\\/\\\/wekhconference.ca\\\/?s={search_term_string}\"},\"query-input\":{\"@type\":\"PropertyValueSpecification\",\"valueRequired\":true,\"valueName\":\"search_term_string\"}}],\"inLanguage\":\"fr-CA\"},{\"@type\":\"Person\",\"@id\":\"https:\\\/\\\/wekhconference.ca\\\/#\\\/schema\\\/person\\\/017d590f70d1603e0325603a014a2487\",\"name\":\"diadm1n\",\"image\":{\"@type\":\"ImageObject\",\"inLanguage\":\"fr-CA\",\"@id\":\"https:\\\/\\\/secure.gravatar.com\\\/avatar\\\/d167986a1e47d9156683799ac8ffe1ffd1e4586efd6ab52d1617d1dcc844bf1b?s=96&d=mm&r=g\",\"url\":\"https:\\\/\\\/secure.gravatar.com\\\/avatar\\\/d167986a1e47d9156683799ac8ffe1ffd1e4586efd6ab52d1617d1dcc844bf1b?s=96&d=mm&r=g\",\"contentUrl\":\"https:\\\/\\\/secure.gravatar.com\\\/avatar\\\/d167986a1e47d9156683799ac8ffe1ffd1e4586efd6ab52d1617d1dcc844bf1b?s=96&d=mm&r=g\",\"caption\":\"diadm1n\"},\"sameAs\":[\"https:\\\/\\\/wekhconference.ca\"],\"url\":\"https:\\\/\\\/wekhconference.ca\\\/fr\\\/author\\\/diadm1n\\\/\"}]}<\/script>\n<!-- \/ Yoast SEO plugin. -->","yoast_head_json":{"title":"State of Women Entrepreneurship 2021 - Women Entrepreneurship Conference 2021","robots":{"index":"index","follow":"follow","max-snippet":"max-snippet:-1","max-image-preview":"max-image-preview:large","max-video-preview":"max-video-preview:-1"},"canonical":"https:\/\/wekhconference.ca\/fr\/state-of-women-entrepreneurship-2021\/","og_locale":"fr_CA","og_type":"article","og_title":"State of Women Entrepreneurship 2021 - Women Entrepreneurship Conference 2021","og_description":"Closing out our month-long conference, we\u2019ll share a first look at the results of WEKH\u2019s annual report, The State of Women Entrepreneurship 2021. This report synthesizes government, academic, and expert research to highlight some of the structural barriers facing diverse women entrepreneurs in Canada and examines how the COVID-19 pandemic affected women.","og_url":"https:\/\/wekhconference.ca\/fr\/state-of-women-entrepreneurship-2021\/","og_site_name":"Women Entrepreneurship Conference 2021","article_published_time":"2021-03-25T02:28:48+00:00","article_modified_time":"2021-04-06T17:50:19+00:00","og_image":[{"width":1021,"height":567,"url":"https:\/\/secureservercdn.net\/166.62.112.107\/ugi.de6.myftpupload.com\/wp-content\/uploads\/2021\/03\/WEC_State-of-Womens-Entrepreneurship-4-1.jpg?time=1663981496","type":"image\/jpeg"}],"author":"diadm1n","twitter_card":"summary_large_image","twitter_misc":{"\u00c9crit par":"diadm1n","Estimation du temps de lecture":"1 minute"},"schema":{"@context":"https:\/\/schema.org","@graph":[{"@type":"Article","@id":"https:\/\/wekhconference.ca\/fr\/state-of-women-entrepreneurship-2021\/#article","isPartOf":{"@id":"https:\/\/wekhconference.ca\/fr\/state-of-women-entrepreneurship-2021\/"},"author":{"name":"diadm1n","@id":"https:\/\/wekhconference.ca\/#\/schema\/person\/017d590f70d1603e0325603a014a2487"},"headline":"State of Women Entrepreneurship 2021","datePublished":"2021-03-25T02:28:48+00:00","dateModified":"2021-04-06T17:50:19+00:00","mainEntityOfPage":{"@id":"https:\/\/wekhconference.ca\/fr\/state-of-women-entrepreneurship-2021\/"},"wordCount":181,"commentCount":0,"image":{"@id":"https:\/\/wekhconference.ca\/fr\/state-of-women-entrepreneurship-2021\/#primaryimage"},"thumbnailUrl":"https:\/\/wekhconference.ca\/wp-content\/uploads\/2021\/03\/WEC_State-of-Womens-Entrepreneurship-4-1.jpg","articleSection":["Past Events"],"inLanguage":"fr-CA","potentialAction":[{"@type":"CommentAction","name":"Comment","target":["https:\/\/wekhconference.ca\/fr\/state-of-women-entrepreneurship-2021\/#respond"]}]},{"@type":"WebPage","@id":"https:\/\/wekhconference.ca\/fr\/state-of-women-entrepreneurship-2021\/","url":"https:\/\/wekhconference.ca\/fr\/state-of-women-entrepreneurship-2021\/","name":"State of Women Entrepreneurship 2021 - Women Entrepreneurship Conference 2021","isPartOf":{"@id":"https:\/\/wekhconference.ca\/#website"},"primaryImageOfPage":{"@id":"https:\/\/wekhconference.ca\/fr\/state-of-women-entrepreneurship-2021\/#primaryimage"},"image":{"@id":"https:\/\/wekhconference.ca\/fr\/state-of-women-entrepreneurship-2021\/#primaryimage"},"thumbnailUrl":"https:\/\/wekhconference.ca\/wp-content\/uploads\/2021\/03\/WEC_State-of-Womens-Entrepreneurship-4-1.jpg","datePublished":"2021-03-25T02:28:48+00:00","dateModified":"2021-04-06T17:50:19+00:00","author":{"@id":"https:\/\/wekhconference.ca\/#\/schema\/person\/017d590f70d1603e0325603a014a2487"},"breadcrumb":{"@id":"https:\/\/wekhconference.ca\/fr\/state-of-women-entrepreneurship-2021\/#breadcrumb"},"inLanguage":"fr-CA","potentialAction":[{"@type":"ReadAction","target":["https:\/\/wekhconference.ca\/fr\/state-of-women-entrepreneurship-2021\/"]}]},{"@type":"ImageObject","inLanguage":"fr-CA","@id":"https:\/\/wekhconference.ca\/fr\/state-of-women-entrepreneurship-2021\/#primaryimage","url":"https:\/\/wekhconference.ca\/wp-content\/uploads\/2021\/03\/WEC_State-of-Womens-Entrepreneurship-4-1.jpg","contentUrl":"https:\/\/wekhconference.ca\/wp-content\/uploads\/2021\/03\/WEC_State-of-Womens-Entrepreneurship-4-1.jpg","width":1021,"height":567},{"@type":"BreadcrumbList","@id":"https:\/\/wekhconference.ca\/fr\/state-of-women-entrepreneurship-2021\/#breadcrumb","itemListElement":[{"@type":"ListItem","position":1,"name":"Home","item":"https:\/\/wekhconference.ca\/"},{"@type":"ListItem","position":2,"name":"State of Women Entrepreneurship 2021"}]},{"@type":"WebSite","@id":"https:\/\/wekhconference.ca\/#website","url":"https:\/\/wekhconference.ca\/","name":"Women Entrepreneurship Conference 2021","description":"Pendant un mois, la Conf\u00e9rence sur les femmes en entrepreneuriat 2021 propose gratuitement une s\u00e9rie d\u2019\u00e9v\u00e9nements pr\u00e9sent\u00e9s par le Portail de connaissances pour les femmes en entrepreneuriat (PCFE) en partenariat avec Women\u2019s Enterprise Organizations of Canada (WEOC).","potentialAction":[{"@type":"SearchAction","target":{"@type":"EntryPoint","urlTemplate":"https:\/\/wekhconference.ca\/?s={search_term_string}"},"query-input":{"@type":"PropertyValueSpecification","valueRequired":true,"valueName":"search_term_string"}}],"inLanguage":"fr-CA"},{"@type":"Person","@id":"https:\/\/wekhconference.ca\/#\/schema\/person\/017d590f70d1603e0325603a014a2487","name":"diadm1n","image":{"@type":"ImageObject","inLanguage":"fr-CA","@id":"https:\/\/secure.gravatar.com\/avatar\/d167986a1e47d9156683799ac8ffe1ffd1e4586efd6ab52d1617d1dcc844bf1b?s=96&d=mm&r=g","url":"https:\/\/secure.gravatar.com\/avatar\/d167986a1e47d9156683799ac8ffe1ffd1e4586efd6ab52d1617d1dcc844bf1b?s=96&d=mm&r=g","contentUrl":"https:\/\/secure.gravatar.com\/avatar\/d167986a1e47d9156683799ac8ffe1ffd1e4586efd6ab52d1617d1dcc844bf1b?s=96&d=mm&r=g","caption":"diadm1n"},"sameAs":["https:\/\/wekhconference.ca"],"url":"https:\/\/wekhconference.ca\/fr\/author\/diadm1n\/"}]}},"_links":{"self":[{"href":"https:\/\/wekhconference.ca\/fr\/wp-json\/wp\/v2\/posts\/295","targetHints":{"allow":["GET"]}}],"collection":[{"href":"https:\/\/wekhconference.ca\/fr\/wp-json\/wp\/v2\/posts"}],"about":[{"href":"https:\/\/wekhconference.ca\/fr\/wp-json\/wp\/v2\/types\/post"}],"author":[{"embeddable":true,"href":"https:\/\/wekhconference.ca\/fr\/wp-json\/wp\/v2\/users\/1"}],"replies":[{"embeddable":true,"href":"https:\/\/wekhconference.ca\/fr\/wp-json\/wp\/v2\/comments?post=295"}],"version-history":[{"count":14,"href":"https:\/\/wekhconference.ca\/fr\/wp-json\/wp\/v2\/posts\/295\/revisions"}],"predecessor-version":[{"id":709,"href":"https:\/\/wekhconference.ca\/fr\/wp-json\/wp\/v2\/posts\/295\/revisions\/709"}],"wp:featuredmedia":[{"embeddable":true,"href":"https:\/\/wekhconference.ca\/fr\/wp-json\/wp\/v2\/media\/650"}],"wp:attachment":[{"href":"https:\/\/wekhconference.ca\/fr\/wp-json\/wp\/v2\/media?parent=295"}],"wp:term":[{"taxonomy":"category","embeddable":true,"href":"https:\/\/wekhconference.ca\/fr\/wp-json\/wp\/v2\/categories?post=295"},{"taxonomy":"post_tag","embeddable":true,"href":"https:\/\/wekhconference.ca\/fr\/wp-json\/wp\/v2\/tags?post=295"}],"curies":[{"name":"wp","href":"https:\/\/api.w.org\/{rel}","templated":true}]}}