{"id":407,"date":"2021-03-18T21:09:23","date_gmt":"2021-03-18T21:09:23","guid":{"rendered":"https:\/\/wekhconference.ca\/?p=407"},"modified":"2021-03-30T17:21:56","modified_gmt":"2021-03-30T17:21:56","slug":"contemporary-and-global-perspectives-on-indigenous-innovation","status":"publish","type":"post","link":"https:\/\/wekhconference.ca\/fr\/contemporary-and-global-perspectives-on-indigenous-innovation\/","title":{"rendered":"Perspectives contemporaines et mondiales sur l'innovation autochtone"},"content":{"rendered":"<div class=\"wpb-content-wrapper\"><div data-parent=\"true\" class=\"vc_row row-container\" id=\"row-unique-0\"><div class=\"row triple-top-padding quad-bottom-padding single-h-padding limit-width row-parent\"><div class=\"wpb_row row-inner\"><div class=\"wpb_column pos-top pos-center align_left column_parent col-lg-8 single-internal-gutter\"><div class=\"uncol style-light\"  ><div class=\"uncoltable\"><div class=\"uncell no-block-padding\" ><div class=\"uncont\" ><div class=\"uncode-single-media  text-left\"><div class=\"single-wrapper\" style=\"max-width: 100%;\"><div class=\"tmb tmb-light  tmb-media-first tmb-media-last tmb-content-overlay tmb-no-bg\"><div class=\"t-inside\"><div class=\"t-entry-visual\"><div class=\"t-entry-visual-tc\"><div class=\"uncode-single-media-wrapper\"><div class=\"h3 youtube-video fluid-object\" style=\"padding-top: 56.31%\"><iframe title=\"Perspectives contemporaines et mondiales sur l&#039;innovation autochtone\" width=\"840\" height=\"473\" src=\"https:\/\/www.youtube.com\/embed\/gXZ1ZAObkLo?feature=oembed\" frameborder=\"0\" allow=\"accelerometer; autoplay; clipboard-write; encrypted-media; gyroscope; picture-in-picture; web-share\" referrerpolicy=\"strict-origin-when-cross-origin\" allowfullscreen><\/iframe><\/div><\/div>\n\t\t\t\t\t<\/div>\n\t\t\t\t<\/div><\/div><\/div><\/div><\/div><div class=\"uncode_text_column\" ><p><em>Pr\u00e9sent\u00e9 en partenariat par le PCFE et L\u2019Initiative d\u2019Innovation autochtone Grands D\u00e9fis Canada<\/em><\/p>\n<p>Le PCFE et I3 sont fiers d'animer une discussion virtuelle stimulante, avec une perspective sexosp\u00e9cifique sur l'innovation autochtone contemporaine, les innovations canadiennes et mondiales actuelles, et en se demandant ce que l'avenir nous r\u00e9serve.<\/p>\n<p>L'\u00e9v\u00e9nement d\u00e9butera par une allocution inspirante de Diane Roussin, chef de la communaut\u00e9 anishinaabe : \"Bimaadiziwin. Comment les syst\u00e8mes de connaissances et les valeurs autochtones influencent l'avenir de l'innovation sociale autochtone\".<\/p>\n<p>L'auditoire \u00e9coutera ensuite un panel captivant sur l'innovation mondiale et autochtone, avec des intervenants de Grands D\u00e9fis Canada, d'Innovation Canada et de la Fireweed Fellowship. Le panel sera anim\u00e9 par Justin Holness, de Futurpreneur.<\/p>\n<h4><strong>Intervenantes<\/strong><\/h4>\n<ul>\n<li>Ashley Richard, Responsable de la sensibilisation et du partenariat avec les autochtones, Portail de connaissances pour les femmes en entrepreneuriat<\/li>\n<li>Sara Wolfe, Directrice de L\u2019Initiative d\u2019Innovation autochtone Grands D\u00e9fis Canada<\/li>\n<li>Diane Roussin, directrice de projet pour le Winnipeg Boldness Project<\/li>\n<li>Justin Holness, directeur du d\u00e9veloppement des entreprises, Futurpreneur Canada<\/li>\n<li>Marc Appleby, conseiller principal en innovation, Innovation Canada<\/li>\n<li>Christy Smith, chef de projet, bourse d'\u00e9tude sur les \u00e9pilobes<\/li>\n<li>Leeat Gellis, directeur de l'innovation en sant\u00e9 mondiale, Grands D\u00e9fis Canada<\/li>\n<\/ul>\n<p>\n<\/div><\/div><\/div><\/div><\/div><\/div><div class=\"wpb_column pos-top pos-center align_left column_parent col-lg-4 single-internal-gutter\"><div class=\"uncol style-light\"  ><div class=\"uncoltable\"><div class=\"uncell no-block-padding\" ><div class=\"uncont\" ><div class=\"uncode-single-media  text-left\"><div class=\"single-wrapper\" style=\"max-width: 100%;\"><div class=\"tmb tmb-light  tmb-media-first tmb-media-last tmb-content-overlay tmb-no-bg\"><div class=\"t-inside\"><div class=\"t-entry-visual\"><div class=\"t-entry-visual-tc\"><div class=\"uncode-single-media-wrapper\"><img decoding=\"async\" class=\"wp-image-654\" src=\"https:\/\/wekhconference.ca\/wp-content\/uploads\/2021\/03\/Contemporary-and-Global-Perspectives-on-Indigenous-Innovation-2.jpg\" width=\"2154\" height=\"1096\" alt=\"\" srcset=\"https:\/\/wekhconference.ca\/wp-content\/uploads\/2021\/03\/Contemporary-and-Global-Perspectives-on-Indigenous-Innovation-2.jpg 2154w, https:\/\/wekhconference.ca\/wp-content\/uploads\/2021\/03\/Contemporary-and-Global-Perspectives-on-Indigenous-Innovation-2-300x153.jpg 300w, https:\/\/wekhconference.ca\/wp-content\/uploads\/2021\/03\/Contemporary-and-Global-Perspectives-on-Indigenous-Innovation-2-1024x521.jpg 1024w, https:\/\/wekhconference.ca\/wp-content\/uploads\/2021\/03\/Contemporary-and-Global-Perspectives-on-Indigenous-Innovation-2-768x391.jpg 768w, https:\/\/wekhconference.ca\/wp-content\/uploads\/2021\/03\/Contemporary-and-Global-Perspectives-on-Indigenous-Innovation-2-1536x782.jpg 1536w, https:\/\/wekhconference.ca\/wp-content\/uploads\/2021\/03\/Contemporary-and-Global-Perspectives-on-Indigenous-Innovation-2-2048x1042.jpg 2048w, https:\/\/wekhconference.ca\/wp-content\/uploads\/2021\/03\/Contemporary-and-Global-Perspectives-on-Indigenous-Innovation-2-16x8.jpg 16w\" sizes=\"(max-width: 2154px) 100vw, 2154px\" \/><\/div>\n\t\t\t\t\t<\/div>\n\t\t\t\t<\/div><\/div><\/div><\/div><\/div><div class=\"uncode_text_column\" ><\/p>\n<h3>Date<\/h3>\n<p>18 mars 2021<\/p>\n<h3>Heure<\/h3>\n<p>2:00pm-4:00pm (EDT)<\/p>\n<h3>Langues<\/h3>\n<p>Anglais<\/p>\n<\/div><\/div><\/div><\/div><\/div><\/div><script id=\"script-row-unique-0\" data-row=\"script-row-unique-0\" type=\"text\/javascript\" class=\"vc_controls\">UNCODE.initRow(document.getElementById(\"row-unique-0\"));<\/script><\/div><\/div><\/div>\n<\/div>","protected":false},"excerpt":{"rendered":"<p>Le PCFE et I3 sont fiers d'animer une discussion virtuelle stimulante, avec une perspective sexosp\u00e9cifique sur l'innovation autochtone contemporaine, les innovations canadiennes et mondiales actuelles, et en se demandant ce que l'avenir nous r\u00e9serve.<\/p>","protected":false},"author":1,"featured_media":654,"comment_status":"open","ping_status":"open","sticky":false,"template":"","format":"standard","meta":{"footnotes":""},"categories":[6],"tags":[],"class_list":["post-407","post","type-post","status-publish","format-standard","has-post-thumbnail","hentry","category-partner-events"],"yoast_head":"<!-- This site is optimized with the Yoast SEO plugin v27.5 - https:\/\/yoast.com\/product\/yoast-seo-wordpress\/ -->\n<title>Contemporary and Global Perspectives on Indigenous Innovation - Women Entrepreneurship Conference 2021<\/title>\n<meta name=\"robots\" content=\"index, follow, max-snippet:-1, max-image-preview:large, max-video-preview:-1\" \/>\n<link rel=\"canonical\" href=\"https:\/\/wekhconference.ca\/fr\/contemporary-and-global-perspectives-on-indigenous-innovation\/\" \/>\n<meta property=\"og:locale\" content=\"fr_CA\" \/>\n<meta property=\"og:type\" content=\"article\" \/>\n<meta property=\"og:title\" content=\"Contemporary and Global Perspectives on Indigenous Innovation - Women Entrepreneurship Conference 2021\" \/>\n<meta property=\"og:description\" content=\"WEKH and I3 are proud to cohost an empowering virtual discussion with a gendered perspective on contemporary Indigenous innovation, current Canadian and global innovations, and asking what the future holds.\" \/>\n<meta property=\"og:url\" content=\"https:\/\/wekhconference.ca\/fr\/contemporary-and-global-perspectives-on-indigenous-innovation\/\" \/>\n<meta property=\"og:site_name\" content=\"Women Entrepreneurship Conference 2021\" \/>\n<meta property=\"article:published_time\" content=\"2021-03-18T21:09:23+00:00\" \/>\n<meta property=\"article:modified_time\" content=\"2021-03-30T17:21:56+00:00\" \/>\n<meta property=\"og:image\" content=\"https:\/\/secureservercdn.net\/166.62.112.107\/ugi.de6.myftpupload.com\/wp-content\/uploads\/2021\/03\/Contemporary-and-Global-Perspectives-on-Indigenous-Innovation-2.jpg?time=1663981496\" \/>\n\t<meta property=\"og:image:width\" content=\"2154\" \/>\n\t<meta property=\"og:image:height\" content=\"1096\" \/>\n\t<meta property=\"og:image:type\" content=\"image\/jpeg\" \/>\n<meta name=\"author\" content=\"diadm1n\" \/>\n<meta name=\"twitter:card\" content=\"summary_large_image\" \/>\n<meta name=\"twitter:label1\" content=\"\u00c9crit par\" \/>\n\t<meta name=\"twitter:data1\" content=\"diadm1n\" \/>\n\t<meta name=\"twitter:label2\" content=\"Estimation du temps de lecture\" \/>\n\t<meta name=\"twitter:data2\" content=\"1 minute\" \/>\n<script type=\"application\/ld+json\" class=\"yoast-schema-graph\">{\"@context\":\"https:\\\/\\\/schema.org\",\"@graph\":[{\"@type\":\"Article\",\"@id\":\"https:\\\/\\\/wekhconference.ca\\\/fr\\\/contemporary-and-global-perspectives-on-indigenous-innovation\\\/#article\",\"isPartOf\":{\"@id\":\"https:\\\/\\\/wekhconference.ca\\\/fr\\\/contemporary-and-global-perspectives-on-indigenous-innovation\\\/\"},\"author\":{\"name\":\"diadm1n\",\"@id\":\"https:\\\/\\\/wekhconference.ca\\\/#\\\/schema\\\/person\\\/017d590f70d1603e0325603a014a2487\"},\"headline\":\"Contemporary and Global Perspectives on Indigenous Innovation\",\"datePublished\":\"2021-03-18T21:09:23+00:00\",\"dateModified\":\"2021-03-30T17:21:56+00:00\",\"mainEntityOfPage\":{\"@id\":\"https:\\\/\\\/wekhconference.ca\\\/fr\\\/contemporary-and-global-perspectives-on-indigenous-innovation\\\/\"},\"wordCount\":247,\"commentCount\":0,\"image\":{\"@id\":\"https:\\\/\\\/wekhconference.ca\\\/fr\\\/contemporary-and-global-perspectives-on-indigenous-innovation\\\/#primaryimage\"},\"thumbnailUrl\":\"https:\\\/\\\/wekhconference.ca\\\/wp-content\\\/uploads\\\/2021\\\/03\\\/Contemporary-and-Global-Perspectives-on-Indigenous-Innovation-2.jpg\",\"articleSection\":[\"Partner Events\"],\"inLanguage\":\"fr-CA\",\"potentialAction\":[{\"@type\":\"CommentAction\",\"name\":\"Comment\",\"target\":[\"https:\\\/\\\/wekhconference.ca\\\/fr\\\/contemporary-and-global-perspectives-on-indigenous-innovation\\\/#respond\"]}]},{\"@type\":\"WebPage\",\"@id\":\"https:\\\/\\\/wekhconference.ca\\\/fr\\\/contemporary-and-global-perspectives-on-indigenous-innovation\\\/\",\"url\":\"https:\\\/\\\/wekhconference.ca\\\/fr\\\/contemporary-and-global-perspectives-on-indigenous-innovation\\\/\",\"name\":\"Contemporary and Global Perspectives on Indigenous Innovation - Women Entrepreneurship Conference 2021\",\"isPartOf\":{\"@id\":\"https:\\\/\\\/wekhconference.ca\\\/#website\"},\"primaryImageOfPage\":{\"@id\":\"https:\\\/\\\/wekhconference.ca\\\/fr\\\/contemporary-and-global-perspectives-on-indigenous-innovation\\\/#primaryimage\"},\"image\":{\"@id\":\"https:\\\/\\\/wekhconference.ca\\\/fr\\\/contemporary-and-global-perspectives-on-indigenous-innovation\\\/#primaryimage\"},\"thumbnailUrl\":\"https:\\\/\\\/wekhconference.ca\\\/wp-content\\\/uploads\\\/2021\\\/03\\\/Contemporary-and-Global-Perspectives-on-Indigenous-Innovation-2.jpg\",\"datePublished\":\"2021-03-18T21:09:23+00:00\",\"dateModified\":\"2021-03-30T17:21:56+00:00\",\"author\":{\"@id\":\"https:\\\/\\\/wekhconference.ca\\\/#\\\/schema\\\/person\\\/017d590f70d1603e0325603a014a2487\"},\"breadcrumb\":{\"@id\":\"https:\\\/\\\/wekhconference.ca\\\/fr\\\/contemporary-and-global-perspectives-on-indigenous-innovation\\\/#breadcrumb\"},\"inLanguage\":\"fr-CA\",\"potentialAction\":[{\"@type\":\"ReadAction\",\"target\":[\"https:\\\/\\\/wekhconference.ca\\\/fr\\\/contemporary-and-global-perspectives-on-indigenous-innovation\\\/\"]}]},{\"@type\":\"ImageObject\",\"inLanguage\":\"fr-CA\",\"@id\":\"https:\\\/\\\/wekhconference.ca\\\/fr\\\/contemporary-and-global-perspectives-on-indigenous-innovation\\\/#primaryimage\",\"url\":\"https:\\\/\\\/wekhconference.ca\\\/wp-content\\\/uploads\\\/2021\\\/03\\\/Contemporary-and-Global-Perspectives-on-Indigenous-Innovation-2.jpg\",\"contentUrl\":\"https:\\\/\\\/wekhconference.ca\\\/wp-content\\\/uploads\\\/2021\\\/03\\\/Contemporary-and-Global-Perspectives-on-Indigenous-Innovation-2.jpg\",\"width\":2154,\"height\":1096},{\"@type\":\"BreadcrumbList\",\"@id\":\"https:\\\/\\\/wekhconference.ca\\\/fr\\\/contemporary-and-global-perspectives-on-indigenous-innovation\\\/#breadcrumb\",\"itemListElement\":[{\"@type\":\"ListItem\",\"position\":1,\"name\":\"Home\",\"item\":\"https:\\\/\\\/wekhconference.ca\\\/\"},{\"@type\":\"ListItem\",\"position\":2,\"name\":\"Contemporary and Global Perspectives on Indigenous Innovation\"}]},{\"@type\":\"WebSite\",\"@id\":\"https:\\\/\\\/wekhconference.ca\\\/#website\",\"url\":\"https:\\\/\\\/wekhconference.ca\\\/\",\"name\":\"Women Entrepreneurship Conference 2021\",\"description\":\"The 2021 Women Entrepreneurship Conference, presented by the Women Entrepreneurship Knowledge Hub (WEKH) in partnership with Women\u2019s Enterprise Organizations of Canada (WEOC), will bring together leaders in the entrepreneurship ecosystem to examine how women entrepreneurs can help Canada build back better.\",\"potentialAction\":[{\"@type\":\"SearchAction\",\"target\":{\"@type\":\"EntryPoint\",\"urlTemplate\":\"https:\\\/\\\/wekhconference.ca\\\/?s={search_term_string}\"},\"query-input\":{\"@type\":\"PropertyValueSpecification\",\"valueRequired\":true,\"valueName\":\"search_term_string\"}}],\"inLanguage\":\"fr-CA\"},{\"@type\":\"Person\",\"@id\":\"https:\\\/\\\/wekhconference.ca\\\/#\\\/schema\\\/person\\\/017d590f70d1603e0325603a014a2487\",\"name\":\"diadm1n\",\"image\":{\"@type\":\"ImageObject\",\"inLanguage\":\"fr-CA\",\"@id\":\"https:\\\/\\\/secure.gravatar.com\\\/avatar\\\/d167986a1e47d9156683799ac8ffe1ffd1e4586efd6ab52d1617d1dcc844bf1b?s=96&d=mm&r=g\",\"url\":\"https:\\\/\\\/secure.gravatar.com\\\/avatar\\\/d167986a1e47d9156683799ac8ffe1ffd1e4586efd6ab52d1617d1dcc844bf1b?s=96&d=mm&r=g\",\"contentUrl\":\"https:\\\/\\\/secure.gravatar.com\\\/avatar\\\/d167986a1e47d9156683799ac8ffe1ffd1e4586efd6ab52d1617d1dcc844bf1b?s=96&d=mm&r=g\",\"caption\":\"diadm1n\"},\"sameAs\":[\"https:\\\/\\\/wekhconference.ca\"],\"url\":\"https:\\\/\\\/wekhconference.ca\\\/fr\\\/author\\\/diadm1n\\\/\"}]}<\/script>\n<!-- \/ Yoast SEO plugin. -->","yoast_head_json":{"title":"Contemporary and Global Perspectives on Indigenous Innovation - Women Entrepreneurship Conference 2021","robots":{"index":"index","follow":"follow","max-snippet":"max-snippet:-1","max-image-preview":"max-image-preview:large","max-video-preview":"max-video-preview:-1"},"canonical":"https:\/\/wekhconference.ca\/fr\/contemporary-and-global-perspectives-on-indigenous-innovation\/","og_locale":"fr_CA","og_type":"article","og_title":"Contemporary and Global Perspectives on Indigenous Innovation - Women Entrepreneurship Conference 2021","og_description":"WEKH and I3 are proud to cohost an empowering virtual discussion with a gendered perspective on contemporary Indigenous innovation, current Canadian and global innovations, and asking what the future holds.","og_url":"https:\/\/wekhconference.ca\/fr\/contemporary-and-global-perspectives-on-indigenous-innovation\/","og_site_name":"Women Entrepreneurship Conference 2021","article_published_time":"2021-03-18T21:09:23+00:00","article_modified_time":"2021-03-30T17:21:56+00:00","og_image":[{"width":2154,"height":1096,"url":"https:\/\/secureservercdn.net\/166.62.112.107\/ugi.de6.myftpupload.com\/wp-content\/uploads\/2021\/03\/Contemporary-and-Global-Perspectives-on-Indigenous-Innovation-2.jpg?time=1663981496","type":"image\/jpeg"}],"author":"diadm1n","twitter_card":"summary_large_image","twitter_misc":{"\u00c9crit par":"diadm1n","Estimation du temps de lecture":"1 minute"},"schema":{"@context":"https:\/\/schema.org","@graph":[{"@type":"Article","@id":"https:\/\/wekhconference.ca\/fr\/contemporary-and-global-perspectives-on-indigenous-innovation\/#article","isPartOf":{"@id":"https:\/\/wekhconference.ca\/fr\/contemporary-and-global-perspectives-on-indigenous-innovation\/"},"author":{"name":"diadm1n","@id":"https:\/\/wekhconference.ca\/#\/schema\/person\/017d590f70d1603e0325603a014a2487"},"headline":"Contemporary and Global Perspectives on Indigenous Innovation","datePublished":"2021-03-18T21:09:23+00:00","dateModified":"2021-03-30T17:21:56+00:00","mainEntityOfPage":{"@id":"https:\/\/wekhconference.ca\/fr\/contemporary-and-global-perspectives-on-indigenous-innovation\/"},"wordCount":247,"commentCount":0,"image":{"@id":"https:\/\/wekhconference.ca\/fr\/contemporary-and-global-perspectives-on-indigenous-innovation\/#primaryimage"},"thumbnailUrl":"https:\/\/wekhconference.ca\/wp-content\/uploads\/2021\/03\/Contemporary-and-Global-Perspectives-on-Indigenous-Innovation-2.jpg","articleSection":["Partner Events"],"inLanguage":"fr-CA","potentialAction":[{"@type":"CommentAction","name":"Comment","target":["https:\/\/wekhconference.ca\/fr\/contemporary-and-global-perspectives-on-indigenous-innovation\/#respond"]}]},{"@type":"WebPage","@id":"https:\/\/wekhconference.ca\/fr\/contemporary-and-global-perspectives-on-indigenous-innovation\/","url":"https:\/\/wekhconference.ca\/fr\/contemporary-and-global-perspectives-on-indigenous-innovation\/","name":"Contemporary and Global Perspectives on Indigenous Innovation - Women Entrepreneurship Conference 2021","isPartOf":{"@id":"https:\/\/wekhconference.ca\/#website"},"primaryImageOfPage":{"@id":"https:\/\/wekhconference.ca\/fr\/contemporary-and-global-perspectives-on-indigenous-innovation\/#primaryimage"},"image":{"@id":"https:\/\/wekhconference.ca\/fr\/contemporary-and-global-perspectives-on-indigenous-innovation\/#primaryimage"},"thumbnailUrl":"https:\/\/wekhconference.ca\/wp-content\/uploads\/2021\/03\/Contemporary-and-Global-Perspectives-on-Indigenous-Innovation-2.jpg","datePublished":"2021-03-18T21:09:23+00:00","dateModified":"2021-03-30T17:21:56+00:00","author":{"@id":"https:\/\/wekhconference.ca\/#\/schema\/person\/017d590f70d1603e0325603a014a2487"},"breadcrumb":{"@id":"https:\/\/wekhconference.ca\/fr\/contemporary-and-global-perspectives-on-indigenous-innovation\/#breadcrumb"},"inLanguage":"fr-CA","potentialAction":[{"@type":"ReadAction","target":["https:\/\/wekhconference.ca\/fr\/contemporary-and-global-perspectives-on-indigenous-innovation\/"]}]},{"@type":"ImageObject","inLanguage":"fr-CA","@id":"https:\/\/wekhconference.ca\/fr\/contemporary-and-global-perspectives-on-indigenous-innovation\/#primaryimage","url":"https:\/\/wekhconference.ca\/wp-content\/uploads\/2021\/03\/Contemporary-and-Global-Perspectives-on-Indigenous-Innovation-2.jpg","contentUrl":"https:\/\/wekhconference.ca\/wp-content\/uploads\/2021\/03\/Contemporary-and-Global-Perspectives-on-Indigenous-Innovation-2.jpg","width":2154,"height":1096},{"@type":"BreadcrumbList","@id":"https:\/\/wekhconference.ca\/fr\/contemporary-and-global-perspectives-on-indigenous-innovation\/#breadcrumb","itemListElement":[{"@type":"ListItem","position":1,"name":"Home","item":"https:\/\/wekhconference.ca\/"},{"@type":"ListItem","position":2,"name":"Contemporary and Global Perspectives on Indigenous Innovation"}]},{"@type":"WebSite","@id":"https:\/\/wekhconference.ca\/#website","url":"https:\/\/wekhconference.ca\/","name":"Women Entrepreneurship Conference 2021","description":"Pendant un mois, la Conf\u00e9rence sur les femmes en entrepreneuriat 2021 propose gratuitement une s\u00e9rie d\u2019\u00e9v\u00e9nements pr\u00e9sent\u00e9s par le Portail de connaissances pour les femmes en entrepreneuriat (PCFE) en partenariat avec Women\u2019s Enterprise Organizations of Canada (WEOC).","potentialAction":[{"@type":"SearchAction","target":{"@type":"EntryPoint","urlTemplate":"https:\/\/wekhconference.ca\/?s={search_term_string}"},"query-input":{"@type":"PropertyValueSpecification","valueRequired":true,"valueName":"search_term_string"}}],"inLanguage":"fr-CA"},{"@type":"Person","@id":"https:\/\/wekhconference.ca\/#\/schema\/person\/017d590f70d1603e0325603a014a2487","name":"diadm1n","image":{"@type":"ImageObject","inLanguage":"fr-CA","@id":"https:\/\/secure.gravatar.com\/avatar\/d167986a1e47d9156683799ac8ffe1ffd1e4586efd6ab52d1617d1dcc844bf1b?s=96&d=mm&r=g","url":"https:\/\/secure.gravatar.com\/avatar\/d167986a1e47d9156683799ac8ffe1ffd1e4586efd6ab52d1617d1dcc844bf1b?s=96&d=mm&r=g","contentUrl":"https:\/\/secure.gravatar.com\/avatar\/d167986a1e47d9156683799ac8ffe1ffd1e4586efd6ab52d1617d1dcc844bf1b?s=96&d=mm&r=g","caption":"diadm1n"},"sameAs":["https:\/\/wekhconference.ca"],"url":"https:\/\/wekhconference.ca\/fr\/author\/diadm1n\/"}]}},"_links":{"self":[{"href":"https:\/\/wekhconference.ca\/fr\/wp-json\/wp\/v2\/posts\/407","targetHints":{"allow":["GET"]}}],"collection":[{"href":"https:\/\/wekhconference.ca\/fr\/wp-json\/wp\/v2\/posts"}],"about":[{"href":"https:\/\/wekhconference.ca\/fr\/wp-json\/wp\/v2\/types\/post"}],"author":[{"embeddable":true,"href":"https:\/\/wekhconference.ca\/fr\/wp-json\/wp\/v2\/users\/1"}],"replies":[{"embeddable":true,"href":"https:\/\/wekhconference.ca\/fr\/wp-json\/wp\/v2\/comments?post=407"}],"version-history":[{"count":11,"href":"https:\/\/wekhconference.ca\/fr\/wp-json\/wp\/v2\/posts\/407\/revisions"}],"predecessor-version":[{"id":692,"href":"https:\/\/wekhconference.ca\/fr\/wp-json\/wp\/v2\/posts\/407\/revisions\/692"}],"wp:featuredmedia":[{"embeddable":true,"href":"https:\/\/wekhconference.ca\/fr\/wp-json\/wp\/v2\/media\/654"}],"wp:attachment":[{"href":"https:\/\/wekhconference.ca\/fr\/wp-json\/wp\/v2\/media?parent=407"}],"wp:term":[{"taxonomy":"category","embeddable":true,"href":"https:\/\/wekhconference.ca\/fr\/wp-json\/wp\/v2\/categories?post=407"},{"taxonomy":"post_tag","embeddable":true,"href":"https:\/\/wekhconference.ca\/fr\/wp-json\/wp\/v2\/tags?post=407"}],"curies":[{"name":"wp","href":"https:\/\/api.w.org\/{rel}","templated":true}]}}