{"id":443,"date":"2021-03-08T20:58:51","date_gmt":"2021-03-08T20:58:51","guid":{"rendered":"https:\/\/wekhconference.ca\/?p=443"},"modified":"2021-03-30T17:22:04","modified_gmt":"2021-03-30T17:22:04","slug":"the-resiliency-of-francophone-women-entrepreneurs","status":"publish","type":"post","link":"https:\/\/wekhconference.ca\/fr\/the-resiliency-of-francophone-women-entrepreneurs\/","title":{"rendered":"La r\u00e9silience des femmes entrepreneures francophones"},"content":{"rendered":"<div class=\"wpb-content-wrapper\"><div data-parent=\"true\" class=\"vc_row row-container\" id=\"row-unique-0\"><div class=\"row triple-top-padding quad-bottom-padding single-h-padding limit-width row-parent\"><div class=\"wpb_row row-inner\"><div class=\"wpb_column pos-top pos-center align_left column_parent col-lg-8 single-internal-gutter\"><div class=\"uncol style-light\"  ><div class=\"uncoltable\"><div class=\"uncell no-block-padding\" ><div class=\"uncont\" ><div class=\"uncode-single-media  text-left\"><div class=\"single-wrapper\" style=\"max-width: 100%;\"><div class=\"tmb tmb-light  tmb-media-first tmb-media-last tmb-content-overlay tmb-no-bg\"><div class=\"t-inside\"><div class=\"t-entry-visual\"><div class=\"t-entry-visual-tc\"><div class=\"uncode-single-media-wrapper\"><img decoding=\"async\" class=\"wp-image-461\" src=\"https:\/\/wekhconference.ca\/wp-content\/uploads\/2021\/03\/8mars_Kelly_Burke.png\" width=\"2937\" height=\"2462\" alt=\"\" srcset=\"https:\/\/wekhconference.ca\/wp-content\/uploads\/2021\/03\/8mars_Kelly_Burke.png 2937w, https:\/\/wekhconference.ca\/wp-content\/uploads\/2021\/03\/8mars_Kelly_Burke-300x251.png 300w, https:\/\/wekhconference.ca\/wp-content\/uploads\/2021\/03\/8mars_Kelly_Burke-1024x858.png 1024w, https:\/\/wekhconference.ca\/wp-content\/uploads\/2021\/03\/8mars_Kelly_Burke-768x644.png 768w, https:\/\/wekhconference.ca\/wp-content\/uploads\/2021\/03\/8mars_Kelly_Burke-1536x1288.png 1536w, https:\/\/wekhconference.ca\/wp-content\/uploads\/2021\/03\/8mars_Kelly_Burke-2048x1717.png 2048w, https:\/\/wekhconference.ca\/wp-content\/uploads\/2021\/03\/8mars_Kelly_Burke-14x12.png 14w\" sizes=\"(max-width: 2937px) 100vw, 2937px\" \/><\/div>\n\t\t\t\t\t<\/div>\n\t\t\t\t<\/div><\/div><\/div><\/div><\/div><div class=\"uncode_text_column\" ><p>Soulignons la Journ\u00e9e internationale des femmes avec l'\u00e9v\u00e9nement \"La r\u00e9silience des femmes entrepreneures francophones\" ax\u00e9 sur la diversit\u00e9 et la r\u00e9silience des femmes des communaut\u00e9s autochtones, noires et immigrantes.<\/p>\n<h4><strong>Intervenantes<\/strong><\/h4>\n<p>M\u00e9lanie Bernier, Hermine Mbondo, Nathalie et Chantale Deslauriers, et Michelle Savoie.<\/p>\n<\/div><\/div><\/div><\/div><\/div><\/div><div class=\"wpb_column pos-top pos-center align_left column_parent col-lg-4 single-internal-gutter\"><div class=\"uncol style-light\"  ><div class=\"uncoltable\"><div class=\"uncell no-block-padding\" ><div class=\"uncont\" ><div class=\"uncode_text_column\" ><\/p>\n<h3>Date<\/h3>\n<p>8 mars 2021<\/p>\n<h3>Heure<\/h3>\n<p>10 H 30 - 12 H 00 (HNE)<\/p>\n<h3>Langues<\/h3>\n<p>French<\/p>\n<\/div><\/div><\/div><\/div><\/div><\/div><script id=\"script-row-unique-0\" data-row=\"script-row-unique-0\" type=\"text\/javascript\" class=\"vc_controls\">UNCODE.initRow(document.getElementById(\"row-unique-0\"));<\/script><\/div><\/div><\/div>\n<\/div>","protected":false},"excerpt":{"rendered":"<p>Soulignons la Journ\u00e9e internationale des femmes avec l'\u00e9v\u00e9nement \"La r\u00e9silience des femmes entrepreneures francophones\" ax\u00e9 sur la diversit\u00e9 et la r\u00e9silience des femmes des communaut\u00e9s autochtones, noires et immigrantes.<\/p>","protected":false},"author":1,"featured_media":461,"comment_status":"open","ping_status":"open","sticky":false,"template":"","format":"standard","meta":{"footnotes":""},"categories":[6],"tags":[],"class_list":["post-443","post","type-post","status-publish","format-standard","has-post-thumbnail","hentry","category-partner-events"],"yoast_head":"<!-- This site is optimized with the Yoast SEO plugin v27.5 - https:\/\/yoast.com\/product\/yoast-seo-wordpress\/ -->\n<title>The Resiliency of Francophone Women Entrepreneurs - Women Entrepreneurship Conference 2021<\/title>\n<meta name=\"robots\" content=\"index, follow, max-snippet:-1, max-image-preview:large, max-video-preview:-1\" \/>\n<link rel=\"canonical\" href=\"https:\/\/wekhconference.ca\/fr\/the-resiliency-of-francophone-women-entrepreneurs\/\" \/>\n<meta property=\"og:locale\" content=\"fr_CA\" \/>\n<meta property=\"og:type\" content=\"article\" \/>\n<meta property=\"og:title\" content=\"The Resiliency of Francophone Women Entrepreneurs - Women Entrepreneurship Conference 2021\" \/>\n<meta property=\"og:description\" content=\"Celebrate International Women&#039;s Day with an event focusing on \u201cThe resiliency of francophone women entrepreneurs\u201d, taking a focus on diversity and resilience of women from Indigenous, Black and immigrant communities.\" \/>\n<meta property=\"og:url\" content=\"https:\/\/wekhconference.ca\/fr\/the-resiliency-of-francophone-women-entrepreneurs\/\" \/>\n<meta property=\"og:site_name\" content=\"Women Entrepreneurship Conference 2021\" \/>\n<meta property=\"article:published_time\" content=\"2021-03-08T20:58:51+00:00\" \/>\n<meta property=\"article:modified_time\" content=\"2021-03-30T17:22:04+00:00\" \/>\n<meta property=\"og:image\" content=\"https:\/\/secureservercdn.net\/166.62.112.107\/ugi.de6.myftpupload.com\/wp-content\/uploads\/2021\/03\/8mars_Kelly_Burke-1024x858.png\" \/>\n\t<meta property=\"og:image:width\" content=\"1024\" \/>\n\t<meta property=\"og:image:height\" content=\"858\" \/>\n\t<meta property=\"og:image:type\" content=\"image\/png\" \/>\n<meta name=\"author\" content=\"diadm1n\" \/>\n<meta name=\"twitter:card\" content=\"summary_large_image\" \/>\n<meta name=\"twitter:label1\" content=\"\u00c9crit par\" \/>\n\t<meta name=\"twitter:data1\" content=\"diadm1n\" \/>\n\t<meta name=\"twitter:label2\" content=\"Estimation du temps de lecture\" \/>\n\t<meta name=\"twitter:data2\" content=\"1 minute\" \/>\n<script type=\"application\/ld+json\" class=\"yoast-schema-graph\">{\"@context\":\"https:\\\/\\\/schema.org\",\"@graph\":[{\"@type\":\"Article\",\"@id\":\"https:\\\/\\\/wekhconference.ca\\\/fr\\\/the-resiliency-of-francophone-women-entrepreneurs\\\/#article\",\"isPartOf\":{\"@id\":\"https:\\\/\\\/wekhconference.ca\\\/fr\\\/the-resiliency-of-francophone-women-entrepreneurs\\\/\"},\"author\":{\"name\":\"diadm1n\",\"@id\":\"https:\\\/\\\/wekhconference.ca\\\/#\\\/schema\\\/person\\\/017d590f70d1603e0325603a014a2487\"},\"headline\":\"The Resiliency of Francophone Women Entrepreneurs\",\"datePublished\":\"2021-03-08T20:58:51+00:00\",\"dateModified\":\"2021-03-30T17:22:04+00:00\",\"mainEntityOfPage\":{\"@id\":\"https:\\\/\\\/wekhconference.ca\\\/fr\\\/the-resiliency-of-francophone-women-entrepreneurs\\\/\"},\"wordCount\":114,\"commentCount\":0,\"image\":{\"@id\":\"https:\\\/\\\/wekhconference.ca\\\/fr\\\/the-resiliency-of-francophone-women-entrepreneurs\\\/#primaryimage\"},\"thumbnailUrl\":\"https:\\\/\\\/wekhconference.ca\\\/wp-content\\\/uploads\\\/2021\\\/03\\\/8mars_Kelly_Burke.png\",\"articleSection\":[\"Partner Events\"],\"inLanguage\":\"fr-CA\",\"potentialAction\":[{\"@type\":\"CommentAction\",\"name\":\"Comment\",\"target\":[\"https:\\\/\\\/wekhconference.ca\\\/fr\\\/the-resiliency-of-francophone-women-entrepreneurs\\\/#respond\"]}]},{\"@type\":\"WebPage\",\"@id\":\"https:\\\/\\\/wekhconference.ca\\\/fr\\\/the-resiliency-of-francophone-women-entrepreneurs\\\/\",\"url\":\"https:\\\/\\\/wekhconference.ca\\\/fr\\\/the-resiliency-of-francophone-women-entrepreneurs\\\/\",\"name\":\"The Resiliency of Francophone Women Entrepreneurs - Women Entrepreneurship Conference 2021\",\"isPartOf\":{\"@id\":\"https:\\\/\\\/wekhconference.ca\\\/#website\"},\"primaryImageOfPage\":{\"@id\":\"https:\\\/\\\/wekhconference.ca\\\/fr\\\/the-resiliency-of-francophone-women-entrepreneurs\\\/#primaryimage\"},\"image\":{\"@id\":\"https:\\\/\\\/wekhconference.ca\\\/fr\\\/the-resiliency-of-francophone-women-entrepreneurs\\\/#primaryimage\"},\"thumbnailUrl\":\"https:\\\/\\\/wekhconference.ca\\\/wp-content\\\/uploads\\\/2021\\\/03\\\/8mars_Kelly_Burke.png\",\"datePublished\":\"2021-03-08T20:58:51+00:00\",\"dateModified\":\"2021-03-30T17:22:04+00:00\",\"author\":{\"@id\":\"https:\\\/\\\/wekhconference.ca\\\/#\\\/schema\\\/person\\\/017d590f70d1603e0325603a014a2487\"},\"breadcrumb\":{\"@id\":\"https:\\\/\\\/wekhconference.ca\\\/fr\\\/the-resiliency-of-francophone-women-entrepreneurs\\\/#breadcrumb\"},\"inLanguage\":\"fr-CA\",\"potentialAction\":[{\"@type\":\"ReadAction\",\"target\":[\"https:\\\/\\\/wekhconference.ca\\\/fr\\\/the-resiliency-of-francophone-women-entrepreneurs\\\/\"]}]},{\"@type\":\"ImageObject\",\"inLanguage\":\"fr-CA\",\"@id\":\"https:\\\/\\\/wekhconference.ca\\\/fr\\\/the-resiliency-of-francophone-women-entrepreneurs\\\/#primaryimage\",\"url\":\"https:\\\/\\\/wekhconference.ca\\\/wp-content\\\/uploads\\\/2021\\\/03\\\/8mars_Kelly_Burke.png\",\"contentUrl\":\"https:\\\/\\\/wekhconference.ca\\\/wp-content\\\/uploads\\\/2021\\\/03\\\/8mars_Kelly_Burke.png\",\"width\":2937,\"height\":2462},{\"@type\":\"BreadcrumbList\",\"@id\":\"https:\\\/\\\/wekhconference.ca\\\/fr\\\/the-resiliency-of-francophone-women-entrepreneurs\\\/#breadcrumb\",\"itemListElement\":[{\"@type\":\"ListItem\",\"position\":1,\"name\":\"Home\",\"item\":\"https:\\\/\\\/wekhconference.ca\\\/\"},{\"@type\":\"ListItem\",\"position\":2,\"name\":\"The Resiliency of Francophone Women Entrepreneurs\"}]},{\"@type\":\"WebSite\",\"@id\":\"https:\\\/\\\/wekhconference.ca\\\/#website\",\"url\":\"https:\\\/\\\/wekhconference.ca\\\/\",\"name\":\"Women Entrepreneurship Conference 2021\",\"description\":\"The 2021 Women Entrepreneurship Conference, presented by the Women Entrepreneurship Knowledge Hub (WEKH) in partnership with Women\u2019s Enterprise Organizations of Canada (WEOC), will bring together leaders in the entrepreneurship ecosystem to examine how women entrepreneurs can help Canada build back better.\",\"potentialAction\":[{\"@type\":\"SearchAction\",\"target\":{\"@type\":\"EntryPoint\",\"urlTemplate\":\"https:\\\/\\\/wekhconference.ca\\\/?s={search_term_string}\"},\"query-input\":{\"@type\":\"PropertyValueSpecification\",\"valueRequired\":true,\"valueName\":\"search_term_string\"}}],\"inLanguage\":\"fr-CA\"},{\"@type\":\"Person\",\"@id\":\"https:\\\/\\\/wekhconference.ca\\\/#\\\/schema\\\/person\\\/017d590f70d1603e0325603a014a2487\",\"name\":\"diadm1n\",\"image\":{\"@type\":\"ImageObject\",\"inLanguage\":\"fr-CA\",\"@id\":\"https:\\\/\\\/secure.gravatar.com\\\/avatar\\\/d167986a1e47d9156683799ac8ffe1ffd1e4586efd6ab52d1617d1dcc844bf1b?s=96&d=mm&r=g\",\"url\":\"https:\\\/\\\/secure.gravatar.com\\\/avatar\\\/d167986a1e47d9156683799ac8ffe1ffd1e4586efd6ab52d1617d1dcc844bf1b?s=96&d=mm&r=g\",\"contentUrl\":\"https:\\\/\\\/secure.gravatar.com\\\/avatar\\\/d167986a1e47d9156683799ac8ffe1ffd1e4586efd6ab52d1617d1dcc844bf1b?s=96&d=mm&r=g\",\"caption\":\"diadm1n\"},\"sameAs\":[\"https:\\\/\\\/wekhconference.ca\"],\"url\":\"https:\\\/\\\/wekhconference.ca\\\/fr\\\/author\\\/diadm1n\\\/\"}]}<\/script>\n<!-- \/ Yoast SEO plugin. -->","yoast_head_json":{"title":"The Resiliency of Francophone Women Entrepreneurs - Women Entrepreneurship Conference 2021","robots":{"index":"index","follow":"follow","max-snippet":"max-snippet:-1","max-image-preview":"max-image-preview:large","max-video-preview":"max-video-preview:-1"},"canonical":"https:\/\/wekhconference.ca\/fr\/the-resiliency-of-francophone-women-entrepreneurs\/","og_locale":"fr_CA","og_type":"article","og_title":"The Resiliency of Francophone Women Entrepreneurs - Women Entrepreneurship Conference 2021","og_description":"Celebrate International Women's Day with an event focusing on \u201cThe resiliency of francophone women entrepreneurs\u201d, taking a focus on diversity and resilience of women from Indigenous, Black and immigrant communities.","og_url":"https:\/\/wekhconference.ca\/fr\/the-resiliency-of-francophone-women-entrepreneurs\/","og_site_name":"Women Entrepreneurship Conference 2021","article_published_time":"2021-03-08T20:58:51+00:00","article_modified_time":"2021-03-30T17:22:04+00:00","og_image":[{"width":1024,"height":858,"url":"https:\/\/secureservercdn.net\/166.62.112.107\/ugi.de6.myftpupload.com\/wp-content\/uploads\/2021\/03\/8mars_Kelly_Burke-1024x858.png","type":"image\/png"}],"author":"diadm1n","twitter_card":"summary_large_image","twitter_misc":{"\u00c9crit par":"diadm1n","Estimation du temps de lecture":"1 minute"},"schema":{"@context":"https:\/\/schema.org","@graph":[{"@type":"Article","@id":"https:\/\/wekhconference.ca\/fr\/the-resiliency-of-francophone-women-entrepreneurs\/#article","isPartOf":{"@id":"https:\/\/wekhconference.ca\/fr\/the-resiliency-of-francophone-women-entrepreneurs\/"},"author":{"name":"diadm1n","@id":"https:\/\/wekhconference.ca\/#\/schema\/person\/017d590f70d1603e0325603a014a2487"},"headline":"The Resiliency of Francophone Women Entrepreneurs","datePublished":"2021-03-08T20:58:51+00:00","dateModified":"2021-03-30T17:22:04+00:00","mainEntityOfPage":{"@id":"https:\/\/wekhconference.ca\/fr\/the-resiliency-of-francophone-women-entrepreneurs\/"},"wordCount":114,"commentCount":0,"image":{"@id":"https:\/\/wekhconference.ca\/fr\/the-resiliency-of-francophone-women-entrepreneurs\/#primaryimage"},"thumbnailUrl":"https:\/\/wekhconference.ca\/wp-content\/uploads\/2021\/03\/8mars_Kelly_Burke.png","articleSection":["Partner Events"],"inLanguage":"fr-CA","potentialAction":[{"@type":"CommentAction","name":"Comment","target":["https:\/\/wekhconference.ca\/fr\/the-resiliency-of-francophone-women-entrepreneurs\/#respond"]}]},{"@type":"WebPage","@id":"https:\/\/wekhconference.ca\/fr\/the-resiliency-of-francophone-women-entrepreneurs\/","url":"https:\/\/wekhconference.ca\/fr\/the-resiliency-of-francophone-women-entrepreneurs\/","name":"The Resiliency of Francophone Women Entrepreneurs - Women Entrepreneurship Conference 2021","isPartOf":{"@id":"https:\/\/wekhconference.ca\/#website"},"primaryImageOfPage":{"@id":"https:\/\/wekhconference.ca\/fr\/the-resiliency-of-francophone-women-entrepreneurs\/#primaryimage"},"image":{"@id":"https:\/\/wekhconference.ca\/fr\/the-resiliency-of-francophone-women-entrepreneurs\/#primaryimage"},"thumbnailUrl":"https:\/\/wekhconference.ca\/wp-content\/uploads\/2021\/03\/8mars_Kelly_Burke.png","datePublished":"2021-03-08T20:58:51+00:00","dateModified":"2021-03-30T17:22:04+00:00","author":{"@id":"https:\/\/wekhconference.ca\/#\/schema\/person\/017d590f70d1603e0325603a014a2487"},"breadcrumb":{"@id":"https:\/\/wekhconference.ca\/fr\/the-resiliency-of-francophone-women-entrepreneurs\/#breadcrumb"},"inLanguage":"fr-CA","potentialAction":[{"@type":"ReadAction","target":["https:\/\/wekhconference.ca\/fr\/the-resiliency-of-francophone-women-entrepreneurs\/"]}]},{"@type":"ImageObject","inLanguage":"fr-CA","@id":"https:\/\/wekhconference.ca\/fr\/the-resiliency-of-francophone-women-entrepreneurs\/#primaryimage","url":"https:\/\/wekhconference.ca\/wp-content\/uploads\/2021\/03\/8mars_Kelly_Burke.png","contentUrl":"https:\/\/wekhconference.ca\/wp-content\/uploads\/2021\/03\/8mars_Kelly_Burke.png","width":2937,"height":2462},{"@type":"BreadcrumbList","@id":"https:\/\/wekhconference.ca\/fr\/the-resiliency-of-francophone-women-entrepreneurs\/#breadcrumb","itemListElement":[{"@type":"ListItem","position":1,"name":"Home","item":"https:\/\/wekhconference.ca\/"},{"@type":"ListItem","position":2,"name":"The Resiliency of Francophone Women Entrepreneurs"}]},{"@type":"WebSite","@id":"https:\/\/wekhconference.ca\/#website","url":"https:\/\/wekhconference.ca\/","name":"Women Entrepreneurship Conference 2021","description":"Pendant un mois, la Conf\u00e9rence sur les femmes en entrepreneuriat 2021 propose gratuitement une s\u00e9rie d\u2019\u00e9v\u00e9nements pr\u00e9sent\u00e9s par le Portail de connaissances pour les femmes en entrepreneuriat (PCFE) en partenariat avec Women\u2019s Enterprise Organizations of Canada (WEOC).","potentialAction":[{"@type":"SearchAction","target":{"@type":"EntryPoint","urlTemplate":"https:\/\/wekhconference.ca\/?s={search_term_string}"},"query-input":{"@type":"PropertyValueSpecification","valueRequired":true,"valueName":"search_term_string"}}],"inLanguage":"fr-CA"},{"@type":"Person","@id":"https:\/\/wekhconference.ca\/#\/schema\/person\/017d590f70d1603e0325603a014a2487","name":"diadm1n","image":{"@type":"ImageObject","inLanguage":"fr-CA","@id":"https:\/\/secure.gravatar.com\/avatar\/d167986a1e47d9156683799ac8ffe1ffd1e4586efd6ab52d1617d1dcc844bf1b?s=96&d=mm&r=g","url":"https:\/\/secure.gravatar.com\/avatar\/d167986a1e47d9156683799ac8ffe1ffd1e4586efd6ab52d1617d1dcc844bf1b?s=96&d=mm&r=g","contentUrl":"https:\/\/secure.gravatar.com\/avatar\/d167986a1e47d9156683799ac8ffe1ffd1e4586efd6ab52d1617d1dcc844bf1b?s=96&d=mm&r=g","caption":"diadm1n"},"sameAs":["https:\/\/wekhconference.ca"],"url":"https:\/\/wekhconference.ca\/fr\/author\/diadm1n\/"}]}},"_links":{"self":[{"href":"https:\/\/wekhconference.ca\/fr\/wp-json\/wp\/v2\/posts\/443","targetHints":{"allow":["GET"]}}],"collection":[{"href":"https:\/\/wekhconference.ca\/fr\/wp-json\/wp\/v2\/posts"}],"about":[{"href":"https:\/\/wekhconference.ca\/fr\/wp-json\/wp\/v2\/types\/post"}],"author":[{"embeddable":true,"href":"https:\/\/wekhconference.ca\/fr\/wp-json\/wp\/v2\/users\/1"}],"replies":[{"embeddable":true,"href":"https:\/\/wekhconference.ca\/fr\/wp-json\/wp\/v2\/comments?post=443"}],"version-history":[{"count":3,"href":"https:\/\/wekhconference.ca\/fr\/wp-json\/wp\/v2\/posts\/443\/revisions"}],"predecessor-version":[{"id":694,"href":"https:\/\/wekhconference.ca\/fr\/wp-json\/wp\/v2\/posts\/443\/revisions\/694"}],"wp:featuredmedia":[{"embeddable":true,"href":"https:\/\/wekhconference.ca\/fr\/wp-json\/wp\/v2\/media\/461"}],"wp:attachment":[{"href":"https:\/\/wekhconference.ca\/fr\/wp-json\/wp\/v2\/media?parent=443"}],"wp:term":[{"taxonomy":"category","embeddable":true,"href":"https:\/\/wekhconference.ca\/fr\/wp-json\/wp\/v2\/categories?post=443"},{"taxonomy":"post_tag","embeddable":true,"href":"https:\/\/wekhconference.ca\/fr\/wp-json\/wp\/v2\/tags?post=443"}],"curies":[{"name":"wp","href":"https:\/\/api.w.org\/{rel}","templated":true}]}}